{"id":9383,"date":"2024-09-24T08:15:40","date_gmt":"2024-09-24T08:15:40","guid":{"rendered":"https:\/\/apkrks.net\/?p=9383"},"modified":"2024-10-29T15:56:46","modified_gmt":"2024-10-29T15:56:46","slug":"with-eu-and-sweden-support-women-in-istog-istok-launch-new-organic-tea-production-line-boosting-sustainable-forestry-and-job-creation","status":"publish","type":"post","link":"http:\/\/apkrks.net\/sr\/ceremonies\/with-eu-and-sweden-support-women-in-istog-istok-launch-new-organic-tea-production-line-boosting-sustainable-forestry-and-job-creation","title":{"rendered":"Uz podr\u0161ku EU i \u0160vedske, \u017eene u Istoku pokre\u0107u novu liniju proizvodnje organskog \u010daja, ja\u010daju\u0107i odr\u017eivo \u0161umarstvo i otvaranje novih radnih mesta"},"content":{"rendered":"<div class=\"styled-body selectionShareable\">\n<div class=\"clearfix text-formatted field field--name-field-text-intro field--type-text-long field--label-hidden field__item selectionShareable\">\n<p class=\"selectionShareable\">Danas je u Istoku\/Istogu odr\u017eano zvani\u010dno lansiranje lokalne linije za proizvodnju organskog filter \u010daja, kao deo programa EU i \u0160vedske.<\/p>\n<p class=\"selectionShareable\">Utorak, 24. septembar 2024 \u2013 Danas je zvani\u010dno pokrenuta lokalna proizvodna linija za organski filter \u010daj u Istoku, u okviru programa koji finansiraju EU i \u0160vedska \u201ePodr\u0161ka ja\u010danju odr\u017eivog i multifunkcionalnog upravljanja \u0161umama za pobolj\u0161anje \u017eivota u ruralnim podru\u010djima i re\u0161avanje klimatskih promena na Kosovu.\u201c Ovaj program sprovodi Organizacija za hranu i poljoprivredu (FAO) Ujedinjenih nacija.&nbsp;<\/p>\n<\/div>\n<\/div>\n<div class=\"styled-body selectionShareable\">\n<div class=\"clearfix text-formatted field field--name-body field--type-text-with-summary field--label-hidden field__item selectionShareable\">\n<p class=\"selectionShareable\">Udru\u017eenje \u017eena \u201eMelissa\u201c iz Istoka zapo\u010delo je proizvodnju organskog filter \u010daja koriste\u0107i inovativan proces pakovanja. Ova nova linija proizvodnje \u010daja, jedinstven model na tr\u017ei\u0161tu i nov pristup pakovanju \u010daja, uspostavljena je uz podr\u0161ku programa. Oprema je dizajnirana da olak\u0161a proizvodnju organskog filter \u010daja koriste\u0107i sirovine dobijene od lekovitih i aromati\u010dnih biljaka koje rastu u regionu Radu\u0161a, a koje sakupljaju \u010dlanice Udru\u017eenja \u201eMelissa\u201c.&nbsp;<\/p>\n<p class=\"selectionShareable\">Uz ovu podr\u0161ku, udru\u017eenje sada mo\u017ee dodati vrednost svojim prikupljenim proizvodima, \u010dime se kompletira lanac vrednosti proizvoda povezanih sa \u0161umarstvom, poput lekovitih i aromati\u010dnih biljaka.&nbsp;<\/p>\n<p class=\"selectionShareable\">Pored toga, \u010dlanice Udru\u017eenja \u017eena \u0107e utrostru\u010diti koli\u010dinu sakupljenih aromati\u010dnih i lekovitih biljaka u Radu\u0161i i proizvesti novi brend organskog filter \u010daja na Kosovu pod nazivom \u201eMelissa\u201c.&nbsp;<\/p>\n<p class=\"selectionShareable\">Ova proizvodna linija se o\u010dekuje da \u0107e otvoriti nova radna mesta, uklju\u010duju\u0107i tri stalne pozicije za \u017eene u fazi prerade i 25 povremenih poslova za sakupljanje biljaka i isporuku proizvoda za preradu.<\/p>\n<p class=\"selectionShareable\">Sakupljanje nedrvnih \u0161umskih proizvoda, uklju\u010duju\u0107i lekovite i aromati\u010dne biljke, od strane \u010dlanica udru\u017eenja bi\u0107e vo\u0111eno novim Vi\u0161enamenskim planom upravljanja \u0161umama za region Radu\u0161a. Ovaj plan osigurava da proces sakupljanja podr\u017eava odr\u017eivost \u0161umskih resursa.&nbsp;<\/p>\n<p class=\"selectionShareable\">Doga\u0111aju su prisustvovali predstavnici Evropske unije na Kosovu, Ambasade \u0160vedske u Pri\u0161tini, Organizacije za hranu i poljoprivredu Ujedinjenih nacija (FAO), Op\u0161tine Istok, Udru\u017eenja \u017eena \u201eMelissa\u201c i lokalnih preduze\u0107a.<\/p>\n<p class=\"selectionShareable\">Tokom doga\u0111aja, predstavnici ovih organizacija naglasili su va\u017enost projekta i klju\u010dnu ulogu koju \u017eene igraju u podizanju svesti zajednice o odr\u017eivom kori\u0161\u0107enju \u0161umskih resursa i izazovima klimatskih promena. U\u010desnici su izrazili svoju posve\u0107enost nastavku napora ka odr\u017eivijoj budu\u0107nosti u upravljanju \u0161umama i za\u0161titi \u017eivotne sredine.<\/p>\n<p class=\"selectionShareable\">Olivier Boudart, vo\u0111a tima za Zelenu agendu i teritorijalni razvoj u Kancelariji EU na Kosovu, istakao je dugoro\u010dni potencijal odr\u017eivog upravljanja \u0161umama.<\/p>\n<figure id=\"attachment_9387\" aria-describedby=\"caption-attachment-9387\" style=\"width: 900px\" class=\"wp-caption alignnone\"><img fetchpriority=\"high\" decoding=\"async\" class=\"wp-image-9387 size-full\" src=\"https:\/\/apkrks.net\/wp-content\/uploads\/2024\/10\/Olivier-Boudart.jpg\" alt=\"\" width=\"900\" height=\"600\" srcset=\"https:\/\/apkrks.net\/wp-content\/uploads\/2024\/10\/Olivier-Boudart.jpg 900w, https:\/\/apkrks.net\/wp-content\/uploads\/2024\/10\/Olivier-Boudart-300x200.jpg 300w, https:\/\/apkrks.net\/wp-content\/uploads\/2024\/10\/Olivier-Boudart-768x512.jpg 768w, https:\/\/apkrks.net\/wp-content\/uploads\/2024\/10\/Olivier-Boudart-18x12.jpg 18w\" sizes=\"(max-width: 900px) 100vw, 900px\" \/><figcaption id=\"caption-attachment-9387\" class=\"wp-caption-text\">Olivier Boudart, vo\u0111a tima za Zelenu agendu i teritorijalni razvoj u Kancelariji EU na Kosovu<\/figcaption><\/figure>\n<\/div>\n<p class=\"selectionShareable\">\u201eUdru\u017eenje 'Melissa' pokazuje kako \u0161ume, kada se njima odr\u017eivo upravlja, mogu dati mnogo vi\u0161e. Nadamo se da \u0107e oprema koju danas predajemo zna\u010dajno unaprediti lanac vrednosti za ove biljke, dodatno ja\u010daju\u0107i ekonomsku odr\u017eivost Udru\u017eenja 'Melissa'\u201c, rekao je Boudart.<\/p>\n<p class=\"selectionShareable\">Henrik Riby, zamenik \u0161efa misije u Ambasadi \u0160vedske, izrazio je ponos \u0161to podr\u017eava ovu inicijativu i podelio svoje nade da \u0107e oprema koja je obezbe\u0111ena Udru\u017eenju 'Melissa' pomo\u0107i da njihovi proizvodi postanu dostupniji na Kosovu, a mo\u017eda i spremni za izvoz.<\/p>\n<\/div>\n<p>&nbsp;<\/p>\n<div class=\"styled-body selectionShareable\">\n<figure id=\"attachment_9394\" aria-describedby=\"caption-attachment-9394\" style=\"width: 900px\" class=\"wp-caption alignnone\"><img decoding=\"async\" class=\"wp-image-9394 size-full\" src=\"https:\/\/apkrks.net\/wp-content\/uploads\/2024\/10\/Henrik-Riby.jpg\" alt=\"\" width=\"900\" height=\"600\" srcset=\"https:\/\/apkrks.net\/wp-content\/uploads\/2024\/10\/Henrik-Riby.jpg 900w, https:\/\/apkrks.net\/wp-content\/uploads\/2024\/10\/Henrik-Riby-300x200.jpg 300w, https:\/\/apkrks.net\/wp-content\/uploads\/2024\/10\/Henrik-Riby-768x512.jpg 768w, https:\/\/apkrks.net\/wp-content\/uploads\/2024\/10\/Henrik-Riby-18x12.jpg 18w\" sizes=\"(max-width: 900px) 100vw, 900px\" \/><figcaption id=\"caption-attachment-9394\" class=\"wp-caption-text\">Henrik Ribi, zamenik \u0161efa misije u Ambasadi \u0160vedske<\/figcaption><\/figure>\n<\/div>\n<p class=\"selectionShareable\">\u201eVrlo smo ponosni \u0161to vas podr\u017eavamo na ovaj na\u010din zajedno sa EU, FAO i Ministarstvom, jer verujemo da naporan rad i dobro razumevanje promene u lancu vrednosti mogu promeniti \u017eivot\u201c, rekao je Riby.<\/p>\n<p class=\"selectionShareable\">Ali Nimanaj, zamenik gradona\u010delnika Op\u0161tine Istok, istakao je bogate prirodne resurse regiona i njegovu tradiciju u proizvodnji organskih \u010dajeva.&nbsp;<\/p>\n<p class=\"selectionShareable\">\u201eOp\u0161tina Istok se izdvaja po svojim prirodnim bogatstvima. Postoje planine, a kroz prirodu, ove aromati\u010dne lekovite biljke su povezane. Pored razli\u010ditih prehrambenih upotreba, ove biljke doprinose ekonomskom razvoju i osna\u017eivanju \u017eena,\u201c rekao je Nimanaj.<\/p>\n<p class=\"selectionShareable\">Tokom ceremonije otvaranja, izvedena je demonstracija kako bi se prikazala funkcionalnost opreme dizajnirane za olak\u0161avanje proizvodnje organskog \u010daja.<\/p>\n<figure id=\"attachment_9398\" aria-describedby=\"caption-attachment-9398\" style=\"width: 300px\" class=\"wp-caption alignleft\"><img decoding=\"async\" class=\"wp-image-9398 size-medium\" src=\"https:\/\/apkrks.net\/wp-content\/uploads\/2024\/10\/cutting-edge-machines-300x200.jpg\" alt=\"\" width=\"300\" height=\"200\" srcset=\"https:\/\/apkrks.net\/wp-content\/uploads\/2024\/10\/cutting-edge-machines-300x200.jpg 300w, https:\/\/apkrks.net\/wp-content\/uploads\/2024\/10\/cutting-edge-machines-768x512.jpg 768w, https:\/\/apkrks.net\/wp-content\/uploads\/2024\/10\/cutting-edge-machines-18x12.jpg 18w, https:\/\/apkrks.net\/wp-content\/uploads\/2024\/10\/cutting-edge-machines.jpg 900w\" sizes=\"(max-width: 300px) 100vw, 300px\" \/><figcaption id=\"caption-attachment-9398\" class=\"wp-caption-text\">Najmodernije ma\u0161ine donose esenciju zemlje u \u017eivot.<\/figcaption><\/figure>\n<figure id=\"attachment_9405\" aria-describedby=\"caption-attachment-9405\" style=\"width: 300px\" class=\"wp-caption alignleft\"><img loading=\"lazy\" decoding=\"async\" class=\"wp-image-9405 size-medium\" src=\"https:\/\/apkrks.net\/wp-content\/uploads\/2024\/10\/sorting-and-packing-300x200.jpg\" alt=\"\" width=\"300\" height=\"200\" srcset=\"https:\/\/apkrks.net\/wp-content\/uploads\/2024\/10\/sorting-and-packing-300x200.jpg 300w, https:\/\/apkrks.net\/wp-content\/uploads\/2024\/10\/sorting-and-packing-768x512.jpg 768w, https:\/\/apkrks.net\/wp-content\/uploads\/2024\/10\/sorting-and-packing-18x12.jpg 18w, https:\/\/apkrks.net\/wp-content\/uploads\/2024\/10\/sorting-and-packing.jpg 900w\" sizes=\"(max-width: 300px) 100vw, 300px\" \/><figcaption id=\"caption-attachment-9405\" class=\"wp-caption-text\">Ma\u0161ina za sortiranje i pakovanje osigurava da je svaka biljka pa\u017eljivo pripremljena i savr\u0161eno upakovana za va\u0161 sledec\u0301i umirujuc\u0301i napitak<\/figcaption><\/figure>\n<figure id=\"attachment_9406\" aria-describedby=\"caption-attachment-9406\" style=\"width: 300px\" class=\"wp-caption alignleft\"><img loading=\"lazy\" decoding=\"async\" class=\"wp-image-9406 size-medium\" src=\"https:\/\/apkrks.net\/wp-content\/uploads\/2024\/10\/photo5-300x200.jpg\" alt=\"\" width=\"300\" height=\"200\" srcset=\"https:\/\/apkrks.net\/wp-content\/uploads\/2024\/10\/photo5-300x200.jpg 300w, https:\/\/apkrks.net\/wp-content\/uploads\/2024\/10\/photo5-768x512.jpg 768w, https:\/\/apkrks.net\/wp-content\/uploads\/2024\/10\/photo5-18x12.jpg 18w, https:\/\/apkrks.net\/wp-content\/uploads\/2024\/10\/photo5.jpg 900w\" sizes=\"(max-width: 300px) 100vw, 300px\" \/><figcaption id=\"caption-attachment-9406\" class=\"wp-caption-text\">Preciznost u svakom koraku \u2014 na\u0161 proizvodni proces pa\u017eljivo sortira, pakuje i \u010duva \u010distotu svake biljke.<\/figcaption><\/figure>","protected":false},"excerpt":{"rendered":"<p>Today, the official launch of the local organic filter tea production line took place in Istog\/Istok, as part of the EU and Sweden Tuesday, 24 September 2024 \u2013 Today, the official launch of the local organic filter tea production line took place in Istog\/Istok, as part of the EU and Sweden \u2013 funded programme &#8220;Support [&hellip;]<\/p>","protected":false},"author":1,"featured_media":9417,"comment_status":"closed","ping_status":"open","sticky":false,"template":"","format":"standard","meta":{"inline_featured_image":false,"ngg_post_thumbnail":0,"footnotes":""},"categories":[47],"tags":[],"class_list":["post-9383","post","type-post","status-publish","format-standard","has-post-thumbnail","hentry","category-ceremonies"],"yoast_head":"<!-- This site is optimized with the Yoast SEO plugin v25.5 - https:\/\/yoast.com\/wordpress\/plugins\/seo\/ -->\n<title>With EU and Sweden Support, Women in Istog\/Istok Launch New Organic Tea Production Line, Boosting Sustainable Forestry and Job Creation<\/title>\n<meta name=\"robots\" content=\"index, follow, max-snippet:-1, max-image-preview:large, max-video-preview:-1\" \/>\n<link rel=\"canonical\" href=\"http:\/\/apkrks.net\/sr\/ceremonies\/with-eu-and-sweden-support-women-in-istog-istok-launch-new-organic-tea-production-line-boosting-sustainable-forestry-and-job-creation\/\" \/>\n<script type=\"application\/ld+json\" class=\"yoast-schema-graph\">{\"@context\":\"https:\/\/schema.org\",\"@graph\":[{\"@type\":\"Article\",\"@id\":\"https:\/\/apkrks.net\/ceremonies\/with-eu-and-sweden-support-women-in-istog-istok-launch-new-organic-tea-production-line-boosting-sustainable-forestry-and-job-creation#article\",\"isPartOf\":{\"@id\":\"https:\/\/apkrks.net\/ceremonies\/with-eu-and-sweden-support-women-in-istog-istok-launch-new-organic-tea-production-line-boosting-sustainable-forestry-and-job-creation\"},\"headline\":\"With EU and Sweden Support, Women in Istog\/Istok Launch New Organic Tea Production Line, Boosting Sustainable Forestry and Job Creation\",\"datePublished\":\"2024-09-24T08:15:40+00:00\",\"dateModified\":\"2024-10-29T15:56:46+00:00\",\"mainEntityOfPage\":{\"@id\":\"https:\/\/apkrks.net\/ceremonies\/with-eu-and-sweden-support-women-in-istog-istok-launch-new-organic-tea-production-line-boosting-sustainable-forestry-and-job-creation\"},\"wordCount\":779,\"publisher\":{\"@id\":\"https:\/\/apkrks.net\/sq\/#organization\"},\"image\":{\"@id\":\"https:\/\/apkrks.net\/ceremonies\/with-eu-and-sweden-support-women-in-istog-istok-launch-new-organic-tea-production-line-boosting-sustainable-forestry-and-job-creation#primaryimage\"},\"thumbnailUrl\":\"https:\/\/apkrks.net\/wp-content\/uploads\/2024\/09\/1_4.jpg\",\"articleSection\":[\"Ceremonies\"],\"inLanguage\":\"sr-RS\"},{\"@type\":\"WebPage\",\"@id\":\"https:\/\/apkrks.net\/ceremonies\/with-eu-and-sweden-support-women-in-istog-istok-launch-new-organic-tea-production-line-boosting-sustainable-forestry-and-job-creation\",\"url\":\"https:\/\/apkrks.net\/ceremonies\/with-eu-and-sweden-support-women-in-istog-istok-launch-new-organic-tea-production-line-boosting-sustainable-forestry-and-job-creation\",\"name\":\"With EU and Sweden Support, Women in Istog\/Istok Launch New Organic Tea Production Line, Boosting Sustainable Forestry and Job Creation\",\"isPartOf\":{\"@id\":\"https:\/\/apkrks.net\/sq\/#website\"},\"primaryImageOfPage\":{\"@id\":\"https:\/\/apkrks.net\/ceremonies\/with-eu-and-sweden-support-women-in-istog-istok-launch-new-organic-tea-production-line-boosting-sustainable-forestry-and-job-creation#primaryimage\"},\"image\":{\"@id\":\"https:\/\/apkrks.net\/ceremonies\/with-eu-and-sweden-support-women-in-istog-istok-launch-new-organic-tea-production-line-boosting-sustainable-forestry-and-job-creation#primaryimage\"},\"thumbnailUrl\":\"https:\/\/apkrks.net\/wp-content\/uploads\/2024\/09\/1_4.jpg\",\"datePublished\":\"2024-09-24T08:15:40+00:00\",\"dateModified\":\"2024-10-29T15:56:46+00:00\",\"breadcrumb\":{\"@id\":\"https:\/\/apkrks.net\/ceremonies\/with-eu-and-sweden-support-women-in-istog-istok-launch-new-organic-tea-production-line-boosting-sustainable-forestry-and-job-creation#breadcrumb\"},\"inLanguage\":\"sr-RS\",\"potentialAction\":[{\"@type\":\"ReadAction\",\"target\":[\"https:\/\/apkrks.net\/ceremonies\/with-eu-and-sweden-support-women-in-istog-istok-launch-new-organic-tea-production-line-boosting-sustainable-forestry-and-job-creation\"]}]},{\"@type\":\"ImageObject\",\"inLanguage\":\"sr-RS\",\"@id\":\"https:\/\/apkrks.net\/ceremonies\/with-eu-and-sweden-support-women-in-istog-istok-launch-new-organic-tea-production-line-boosting-sustainable-forestry-and-job-creation#primaryimage\",\"url\":\"https:\/\/apkrks.net\/wp-content\/uploads\/2024\/09\/1_4.jpg\",\"contentUrl\":\"https:\/\/apkrks.net\/wp-content\/uploads\/2024\/09\/1_4.jpg\",\"width\":900,\"height\":600},{\"@type\":\"BreadcrumbList\",\"@id\":\"https:\/\/apkrks.net\/ceremonies\/with-eu-and-sweden-support-women-in-istog-istok-launch-new-organic-tea-production-line-boosting-sustainable-forestry-and-job-creation#breadcrumb\",\"itemListElement\":[{\"@type\":\"ListItem\",\"position\":1,\"name\":\"Home\",\"item\":\"https:\/\/apkrks.net\/\"},{\"@type\":\"ListItem\",\"position\":2,\"name\":\"With EU and Sweden Support, Women in Istog\/Istok Launch New Organic Tea Production Line, Boosting Sustainable Forestry and Job Creation\"}]},{\"@type\":\"WebSite\",\"@id\":\"https:\/\/apkrks.net\/sq\/#website\",\"url\":\"https:\/\/apkrks.net\/sq\/\",\"name\":\"Agjencia Pyjore e Kosov\u00ebs\",\"description\":\"\",\"publisher\":{\"@id\":\"https:\/\/apkrks.net\/sq\/#organization\"},\"alternateName\":\"Agjencioni Pyjor i Kosov\u00ebs\",\"potentialAction\":[{\"@type\":\"SearchAction\",\"target\":{\"@type\":\"EntryPoint\",\"urlTemplate\":\"https:\/\/apkrks.net\/sq\/?s={search_term_string}\"},\"query-input\":{\"@type\":\"PropertyValueSpecification\",\"valueRequired\":true,\"valueName\":\"search_term_string\"}}],\"inLanguage\":\"sr-RS\"},{\"@type\":\"Organization\",\"@id\":\"https:\/\/apkrks.net\/sq\/#organization\",\"name\":\"Agjencia Pyjore e Kosov\u00ebs\",\"alternateName\":\"Agjencioni Pyjor i Kosov\u00ebs\",\"url\":\"https:\/\/apkrks.net\/sq\/\",\"logo\":{\"@type\":\"ImageObject\",\"inLanguage\":\"sr-RS\",\"@id\":\"https:\/\/apkrks.net\/sq\/#\/schema\/logo\/image\/\",\"url\":\"https:\/\/apkrks.net\/wp-content\/uploads\/2024\/06\/Emblema_e_qeverise_se_kosoves.png\",\"contentUrl\":\"https:\/\/apkrks.net\/wp-content\/uploads\/2024\/06\/Emblema_e_qeverise_se_kosoves.png\",\"width\":217,\"height\":240,\"caption\":\"Agjencia Pyjore e Kosov\u00ebs\"},\"image\":{\"@id\":\"https:\/\/apkrks.net\/sq\/#\/schema\/logo\/image\/\"},\"sameAs\":[\"https:\/\/www.facebook.com\/profile.php?id=100064789090459\",\"https:\/\/www.youtube.com\/@AgjenciaPyjoreeKosoves\"]}]}<\/script>\n<!-- \/ Yoast SEO plugin. -->","yoast_head_json":{"title":"With EU and Sweden Support, Women in Istog\/Istok Launch New Organic Tea Production Line, Boosting Sustainable Forestry and Job Creation","robots":{"index":"index","follow":"follow","max-snippet":"max-snippet:-1","max-image-preview":"max-image-preview:large","max-video-preview":"max-video-preview:-1"},"canonical":"http:\/\/apkrks.net\/sr\/ceremonies\/with-eu-and-sweden-support-women-in-istog-istok-launch-new-organic-tea-production-line-boosting-sustainable-forestry-and-job-creation\/","schema":{"@context":"https:\/\/schema.org","@graph":[{"@type":"Article","@id":"https:\/\/apkrks.net\/ceremonies\/with-eu-and-sweden-support-women-in-istog-istok-launch-new-organic-tea-production-line-boosting-sustainable-forestry-and-job-creation#article","isPartOf":{"@id":"https:\/\/apkrks.net\/ceremonies\/with-eu-and-sweden-support-women-in-istog-istok-launch-new-organic-tea-production-line-boosting-sustainable-forestry-and-job-creation"},"headline":"With EU and Sweden Support, Women in Istog\/Istok Launch New Organic Tea Production Line, Boosting Sustainable Forestry and Job Creation","datePublished":"2024-09-24T08:15:40+00:00","dateModified":"2024-10-29T15:56:46+00:00","mainEntityOfPage":{"@id":"https:\/\/apkrks.net\/ceremonies\/with-eu-and-sweden-support-women-in-istog-istok-launch-new-organic-tea-production-line-boosting-sustainable-forestry-and-job-creation"},"wordCount":779,"publisher":{"@id":"https:\/\/apkrks.net\/sq\/#organization"},"image":{"@id":"https:\/\/apkrks.net\/ceremonies\/with-eu-and-sweden-support-women-in-istog-istok-launch-new-organic-tea-production-line-boosting-sustainable-forestry-and-job-creation#primaryimage"},"thumbnailUrl":"https:\/\/apkrks.net\/wp-content\/uploads\/2024\/09\/1_4.jpg","articleSection":["Ceremonies"],"inLanguage":"sr-RS"},{"@type":"WebPage","@id":"https:\/\/apkrks.net\/ceremonies\/with-eu-and-sweden-support-women-in-istog-istok-launch-new-organic-tea-production-line-boosting-sustainable-forestry-and-job-creation","url":"https:\/\/apkrks.net\/ceremonies\/with-eu-and-sweden-support-women-in-istog-istok-launch-new-organic-tea-production-line-boosting-sustainable-forestry-and-job-creation","name":"With EU and Sweden Support, Women in Istog\/Istok Launch New Organic Tea Production Line, Boosting Sustainable Forestry and Job Creation","isPartOf":{"@id":"https:\/\/apkrks.net\/sq\/#website"},"primaryImageOfPage":{"@id":"https:\/\/apkrks.net\/ceremonies\/with-eu-and-sweden-support-women-in-istog-istok-launch-new-organic-tea-production-line-boosting-sustainable-forestry-and-job-creation#primaryimage"},"image":{"@id":"https:\/\/apkrks.net\/ceremonies\/with-eu-and-sweden-support-women-in-istog-istok-launch-new-organic-tea-production-line-boosting-sustainable-forestry-and-job-creation#primaryimage"},"thumbnailUrl":"https:\/\/apkrks.net\/wp-content\/uploads\/2024\/09\/1_4.jpg","datePublished":"2024-09-24T08:15:40+00:00","dateModified":"2024-10-29T15:56:46+00:00","breadcrumb":{"@id":"https:\/\/apkrks.net\/ceremonies\/with-eu-and-sweden-support-women-in-istog-istok-launch-new-organic-tea-production-line-boosting-sustainable-forestry-and-job-creation#breadcrumb"},"inLanguage":"sr-RS","potentialAction":[{"@type":"ReadAction","target":["https:\/\/apkrks.net\/ceremonies\/with-eu-and-sweden-support-women-in-istog-istok-launch-new-organic-tea-production-line-boosting-sustainable-forestry-and-job-creation"]}]},{"@type":"ImageObject","inLanguage":"sr-RS","@id":"https:\/\/apkrks.net\/ceremonies\/with-eu-and-sweden-support-women-in-istog-istok-launch-new-organic-tea-production-line-boosting-sustainable-forestry-and-job-creation#primaryimage","url":"https:\/\/apkrks.net\/wp-content\/uploads\/2024\/09\/1_4.jpg","contentUrl":"https:\/\/apkrks.net\/wp-content\/uploads\/2024\/09\/1_4.jpg","width":900,"height":600},{"@type":"BreadcrumbList","@id":"https:\/\/apkrks.net\/ceremonies\/with-eu-and-sweden-support-women-in-istog-istok-launch-new-organic-tea-production-line-boosting-sustainable-forestry-and-job-creation#breadcrumb","itemListElement":[{"@type":"ListItem","position":1,"name":"Home","item":"https:\/\/apkrks.net\/"},{"@type":"ListItem","position":2,"name":"With EU and Sweden Support, Women in Istog\/Istok Launch New Organic Tea Production Line, Boosting Sustainable Forestry and Job Creation"}]},{"@type":"WebSite","@id":"https:\/\/apkrks.net\/sq\/#website","url":"https:\/\/apkrks.net\/sq\/","name":"Agjencia Pyjore e Kosov\u00ebs","description":"","publisher":{"@id":"https:\/\/apkrks.net\/sq\/#organization"},"alternateName":"Agjencioni Pyjor i Kosov\u00ebs","potentialAction":[{"@type":"SearchAction","target":{"@type":"EntryPoint","urlTemplate":"https:\/\/apkrks.net\/sq\/?s={search_term_string}"},"query-input":{"@type":"PropertyValueSpecification","valueRequired":true,"valueName":"search_term_string"}}],"inLanguage":"sr-RS"},{"@type":"Organization","@id":"https:\/\/apkrks.net\/sq\/#organization","name":"Agjencia Pyjore e Kosov\u00ebs","alternateName":"Agjencioni Pyjor i Kosov\u00ebs","url":"https:\/\/apkrks.net\/sq\/","logo":{"@type":"ImageObject","inLanguage":"sr-RS","@id":"https:\/\/apkrks.net\/sq\/#\/schema\/logo\/image\/","url":"https:\/\/apkrks.net\/wp-content\/uploads\/2024\/06\/Emblema_e_qeverise_se_kosoves.png","contentUrl":"https:\/\/apkrks.net\/wp-content\/uploads\/2024\/06\/Emblema_e_qeverise_se_kosoves.png","width":217,"height":240,"caption":"Agjencia Pyjore e Kosov\u00ebs"},"image":{"@id":"https:\/\/apkrks.net\/sq\/#\/schema\/logo\/image\/"},"sameAs":["https:\/\/www.facebook.com\/profile.php?id=100064789090459","https:\/\/www.youtube.com\/@AgjenciaPyjoreeKosoves"]}]}},"_links":{"self":[{"href":"http:\/\/apkrks.net\/sr\/wp-json\/wp\/v2\/posts\/9383"}],"collection":[{"href":"http:\/\/apkrks.net\/sr\/wp-json\/wp\/v2\/posts"}],"about":[{"href":"http:\/\/apkrks.net\/sr\/wp-json\/wp\/v2\/types\/post"}],"author":[{"embeddable":true,"href":"http:\/\/apkrks.net\/sr\/wp-json\/wp\/v2\/users\/1"}],"replies":[{"embeddable":true,"href":"http:\/\/apkrks.net\/sr\/wp-json\/wp\/v2\/comments?post=9383"}],"version-history":[{"count":1,"href":"http:\/\/apkrks.net\/sr\/wp-json\/wp\/v2\/posts\/9383\/revisions"}],"predecessor-version":[{"id":9413,"href":"http:\/\/apkrks.net\/sr\/wp-json\/wp\/v2\/posts\/9383\/revisions\/9413"}],"wp:featuredmedia":[{"embeddable":true,"href":"http:\/\/apkrks.net\/sr\/wp-json\/wp\/v2\/media\/9417"}],"wp:attachment":[{"href":"http:\/\/apkrks.net\/sr\/wp-json\/wp\/v2\/media?parent=9383"}],"wp:term":[{"taxonomy":"category","embeddable":true,"href":"http:\/\/apkrks.net\/sr\/wp-json\/wp\/v2\/categories?post=9383"},{"taxonomy":"post_tag","embeddable":true,"href":"http:\/\/apkrks.net\/sr\/wp-json\/wp\/v2\/tags?post=9383"}],"curies":[{"name":"wp","href":"https:\/\/api.w.org\/{rel}","templated":true}]}}