{
    "id": 38,
    "date": "2023-10-02T07:00:12",
    "date_gmt": "2023-10-02T07:00:12",
    "guid": {
        "rendered": "http:\/\/source.wpopal.com\/adventis\/?page_id=38"
    },
    "modified": "2024-11-05T20:06:12",
    "modified_gmt": "2024-11-05T20:06:12",
    "slug": "news",
    "status": "publish",
    "type": "page",
    "link": "https:\/\/apkrks.net\/en\/news",
    "title": {
        "rendered": "News"
    },
    "content": {
        "rendered": "<div data-elementor-type=\"wp-page\" data-elementor-id=\"38\" class=\"elementor elementor-38\">\n\t\t\t\t<div class=\"elementor-element elementor-element-cf82991 e-flex e-con-boxed e-con e-parent\" data-id=\"cf82991\" data-element_type=\"container\">\n\t\t\t\t\t<div class=\"e-con-inner\">\n\t\t\t\t<div class=\"elementor-element elementor-element-d756dfd elementor-grid-3 elementor-grid-tablet_extra-2 elementor-grid-tablet-2 elementor-grid-mobile-1 elementor-pagination-style-1 elementor-widget elementor-widget-adventis-post-grid\" data-id=\"d756dfd\" data-element_type=\"widget\" data-settings=\"{&quot;column&quot;:&quot;3&quot;,&quot;column_tablet_extra&quot;:&quot;2&quot;,&quot;column_tablet&quot;:&quot;2&quot;,&quot;column_mobile&quot;:&quot;1&quot;,&quot;column_spacing&quot;:{&quot;unit&quot;:&quot;px&quot;,&quot;size&quot;:30,&quot;sizes&quot;:[]},&quot;column_spacing_laptop&quot;:{&quot;unit&quot;:&quot;px&quot;,&quot;size&quot;:&quot;&quot;,&quot;sizes&quot;:[]},&quot;column_spacing_tablet_extra&quot;:{&quot;unit&quot;:&quot;px&quot;,&quot;size&quot;:&quot;&quot;,&quot;sizes&quot;:[]},&quot;column_spacing_tablet&quot;:{&quot;unit&quot;:&quot;px&quot;,&quot;size&quot;:&quot;&quot;,&quot;sizes&quot;:[]},&quot;column_spacing_mobile_extra&quot;:{&quot;unit&quot;:&quot;px&quot;,&quot;size&quot;:&quot;&quot;,&quot;sizes&quot;:[]},&quot;column_spacing_mobile&quot;:{&quot;unit&quot;:&quot;px&quot;,&quot;size&quot;:&quot;&quot;,&quot;sizes&quot;:[]}}\" data-widget_type=\"adventis-post-grid.default\">\n\t\t\t\t<div class=\"elementor-widget-container\">\n\t\t\t        <div class=\"elementor-post-wrapper layout-post-style-1 adventis-wrapper\">\n            <div class=\"adventis-con\">\n                <div class=\"adventis-con-inner elementor-grid\">\n                                            <div class=\"elementor-posts-item\">\n                            <div class=\"post-style-1\">\n    <div class=\"post-inner\">\n\t\t<a href=\"https:\/\/apkrks.net\/en\/campaign\/eshte-permbyllur-programi-pesevjecar-per-menaxhim-te-qendrueshem-te-pyjeve-i-zbatuar-nga-fao-me-financim-te-be-se-dhe-suedise\">\n        <div class=\"post-thumbnail\"><img fetchpriority=\"high\" decoding=\"async\" width=\"740\" height=\"560\" src=\"https:\/\/apkrks.net\/wp-content\/uploads\/2026\/01\/Closing-Ceremony-6-1-740x560.jpg\" class=\"attachment-adventis-post-grid size-adventis-post-grid wp-post-image\" alt=\"\" \/><\/div>\t\t<\/a>\n        <div class=\"post-content\">\n            <div class=\"entry-content\">\n                <div class=\"entry-meta-top\">\n                      <div class=\"categories-link\"> <span class=\"screen-reader-text\">Categories<\/span><a href=\"https:\/\/apkrks.net\/en\/category\/announcement\" rel=\"category tag\" style=\"color: #969ba1\"><span class=\"adventis_dot_cat\" style=\"background-color: #969ba1\"><\/span>announcement<\/a><span class=\"dot\">,<\/span><a href=\"https:\/\/apkrks.net\/en\/category\/campaign\" rel=\"category tag\" style=\"color: #002248\"><span class=\"adventis_dot_cat\" style=\"background-color: #002248\"><\/span>Campaign<\/a><span class=\"dot\">,<\/span><a href=\"https:\/\/apkrks.net\/en\/category\/news\" rel=\"category tag\" style=\"color: #969ba1\"><span class=\"adventis_dot_cat\" style=\"background-color: #969ba1\"><\/span>News<\/a><\/div>                     <div class=\"posted-on\"><a href=\"https:\/\/apkrks.net\/en\/campaign\/eshte-permbyllur-programi-pesevjecar-per-menaxhim-te-qendrueshem-te-pyjeve-i-zbatuar-nga-fao-me-financim-te-be-se-dhe-suedise\" rel=\"bookmark\">January 28, 2026<\/a><\/div>                   <\/div>\n                <h3 class=\"entry-title\"><a href=\"https:\/\/apkrks.net\/en\/campaign\/eshte-permbyllur-programi-pesevjecar-per-menaxhim-te-qendrueshem-te-pyjeve-i-zbatuar-nga-fao-me-financim-te-be-se-dhe-suedise\" rel=\"bookmark\">\u00cbsht\u00eb p\u00ebrmbyllur Programi Pes\u00ebvje\u00e7ar p\u00ebr Menaxhim t\u00eb Q\u00ebndruesh\u00ebm t\u00eb Pyjeve, i zbatuar nga FAO, me financim t\u00eb BE-s\u00eb dhe Suedis\u00eb<\/a><\/h3>\n                <div class=\"excerpt-content\">Janar 2026 \u2013 \u00cbsht\u00eb p\u00ebrmbyllur me sukses programi pes\u00ebvje\u00e7ar pyjor, q\u00eb synonte fuqizimin e menaxhimit t\u00eb q\u00ebndruesh\u00ebm dhe shum\u00ebq\u00ebllimor t\u00eb pyjeve, p\u00ebrmir\u00ebsimin e jetes\u00ebs n\u00eb zonat rurale dhe adresimin e&hellip;<\/div>\n\n                <div class=\"more-link-wrap\">\n                    <a class=\"more-link\" href=\"https:\/\/apkrks.net\/en\/campaign\/eshte-permbyllur-programi-pesevjecar-per-menaxhim-te-qendrueshem-te-pyjeve-i-zbatuar-nga-fao-me-financim-te-be-se-dhe-suedise\">\n                        <span>Read More<\/span>\n                    <\/a>\n                <\/div>\n            <\/div>\n        <\/div>\n    <\/div>\n<\/div>                        <\/div>\n                                                <div class=\"elementor-posts-item\">\n                            <div class=\"post-style-1\">\n    <div class=\"post-inner\">\n\t\t<a href=\"https:\/\/apkrks.net\/en\/news\/kampi-pyjor-2025\">\n        <div class=\"post-thumbnail\"><img decoding=\"async\" width=\"740\" height=\"560\" src=\"https:\/\/apkrks.net\/wp-content\/uploads\/2025\/12\/Kampi_Pyjor_2025-740x560.png\" class=\"attachment-adventis-post-grid size-adventis-post-grid wp-post-image\" alt=\"\" \/><\/div>\t\t<\/a>\n        <div class=\"post-content\">\n            <div class=\"entry-content\">\n                <div class=\"entry-meta-top\">\n                      <div class=\"categories-link\"> <span class=\"screen-reader-text\">Categories<\/span><a href=\"https:\/\/apkrks.net\/en\/category\/news\" rel=\"category tag\" style=\"color: #969ba1\"><span class=\"adventis_dot_cat\" style=\"background-color: #969ba1\"><\/span>News<\/a><\/div>                     <div class=\"posted-on\"><a href=\"https:\/\/apkrks.net\/en\/news\/kampi-pyjor-2025\" rel=\"bookmark\">December 17, 2025<\/a><\/div>                   <\/div>\n                <h3 class=\"entry-title\"><a href=\"https:\/\/apkrks.net\/en\/news\/kampi-pyjor-2025\" rel=\"bookmark\">Kampi Pyjor 2025<\/a><\/h3>\n                <div class=\"excerpt-content\">Momente nga Kampi Pyjor, ku nx\u00ebn\u00ebs t\u00eb shkollave t\u00eb mesme, m\u00ebsimdh\u00ebn\u00ebs dhe p\u00ebrfaq\u00ebsues institucional\u00eb u mblodh\u00ebn n\u00eb Blinaj\u00eb p\u00ebr t\u00eb m\u00ebsuar dhe p\u00ebr t\u2019u angazhuar n\u00eb aktivitete edukative e praktike&hellip;<\/div>\n\n                <div class=\"more-link-wrap\">\n                    <a class=\"more-link\" href=\"https:\/\/apkrks.net\/en\/news\/kampi-pyjor-2025\">\n                        <span>Read More<\/span>\n                    <\/a>\n                <\/div>\n            <\/div>\n        <\/div>\n    <\/div>\n<\/div>                        <\/div>\n                                                <div class=\"elementor-posts-item\">\n                            <div class=\"post-style-1\">\n    <div class=\"post-inner\">\n\t\t<a href=\"https:\/\/apkrks.net\/en\/news\/hapet-kampi-pyjor-2025-me-synimin-ti-angazhoje-te-rinjte-ne-menaxhimin-e-qendrueshem-te-pyjeve\">\n        <div class=\"post-thumbnail\"><img decoding=\"async\" width=\"740\" height=\"560\" src=\"https:\/\/apkrks.net\/wp-content\/uploads\/2025\/12\/Kampi-Pyjor-i-Kosoves-foto-Ridvan-Slivova-5-740x560.jpg\" class=\"attachment-adventis-post-grid size-adventis-post-grid wp-post-image\" alt=\"\" \/><\/div>\t\t<\/a>\n        <div class=\"post-content\">\n            <div class=\"entry-content\">\n                <div class=\"entry-meta-top\">\n                      <div class=\"categories-link\"> <span class=\"screen-reader-text\">Categories<\/span><a href=\"https:\/\/apkrks.net\/en\/category\/news\" rel=\"category tag\" style=\"color: #969ba1\"><span class=\"adventis_dot_cat\" style=\"background-color: #969ba1\"><\/span>News<\/a><\/div>                     <div class=\"posted-on\"><a href=\"https:\/\/apkrks.net\/en\/news\/hapet-kampi-pyjor-2025-me-synimin-ti-angazhoje-te-rinjte-ne-menaxhimin-e-qendrueshem-te-pyjeve\" rel=\"bookmark\">December 10, 2025<\/a><\/div>                   <\/div>\n                <h3 class=\"entry-title\"><a href=\"https:\/\/apkrks.net\/en\/news\/hapet-kampi-pyjor-2025-me-synimin-ti-angazhoje-te-rinjte-ne-menaxhimin-e-qendrueshem-te-pyjeve\" rel=\"bookmark\">Hapet Kampi Pyjor 2025 me synimin t\u2019i angazhoj\u00eb t\u00eb rinjt\u00eb n\u00eb menaxhimin e q\u00ebndruesh\u00ebm t\u00eb pyjeve<\/a><\/h3>\n                <div class=\"excerpt-content\">Blinaj\u00eb, 8 dhjetor 2025 \u2013 Kampi Pyjor 2025 filloi sot, me synimin q\u00eb t\u2019i angazhoj\u00eb t\u00eb rinjt\u00eb n\u00eb m\u00ebsimin rreth njohjes s\u00eb vlerave dhe menaxhimit t\u00eb q\u00ebndruesh\u00ebm t\u00eb pyjeve, ruajtjes&hellip;<\/div>\n\n                <div class=\"more-link-wrap\">\n                    <a class=\"more-link\" href=\"https:\/\/apkrks.net\/en\/news\/hapet-kampi-pyjor-2025-me-synimin-ti-angazhoje-te-rinjte-ne-menaxhimin-e-qendrueshem-te-pyjeve\">\n                        <span>Read More<\/span>\n                    <\/a>\n                <\/div>\n            <\/div>\n        <\/div>\n    <\/div>\n<\/div>                        <\/div>\n                                                <div class=\"elementor-posts-item\">\n                            <div class=\"post-style-1\">\n    <div class=\"post-inner\">\n\t\t<a href=\"https:\/\/apkrks.net\/en\/news\/mbahet-rishikimi-i-perbashket-vjetor-2025-per-sektorin-e-pylltarise-ne-kosove\">\n        <div class=\"post-thumbnail\"><img loading=\"lazy\" decoding=\"async\" width=\"740\" height=\"560\" src=\"https:\/\/apkrks.net\/wp-content\/uploads\/2025\/11\/Shqyrtimi-i-perbashket-vjetor-i-sektorit-te-pylltarise-foto-Ridvan-Slivova-17-740x560.jpg\" class=\"attachment-adventis-post-grid size-adventis-post-grid wp-post-image\" alt=\"\" \/><\/div>\t\t<\/a>\n        <div class=\"post-content\">\n            <div class=\"entry-content\">\n                <div class=\"entry-meta-top\">\n                      <div class=\"categories-link\"> <span class=\"screen-reader-text\">Categories<\/span><a href=\"https:\/\/apkrks.net\/en\/category\/news\" rel=\"category tag\" style=\"color: #969ba1\"><span class=\"adventis_dot_cat\" style=\"background-color: #969ba1\"><\/span>News<\/a><\/div>                     <div class=\"posted-on\"><a href=\"https:\/\/apkrks.net\/en\/news\/mbahet-rishikimi-i-perbashket-vjetor-2025-per-sektorin-e-pylltarise-ne-kosove\" rel=\"bookmark\">November 27, 2025<\/a><\/div>                   <\/div>\n                <h3 class=\"entry-title\"><a href=\"https:\/\/apkrks.net\/en\/news\/mbahet-rishikimi-i-perbashket-vjetor-2025-per-sektorin-e-pylltarise-ne-kosove\" rel=\"bookmark\">Mbahet &#8220;Rishikimi i P\u00ebrbashk\u00ebt Vjetor 2025&#8221; p\u00ebr Sektorin e Pylltaris\u00eb n\u00eb Kosov\u00eb<\/a><\/h3>\n                <div class=\"excerpt-content\">Ministria e Bujq\u00ebsis\u00eb, Pylltaris\u00eb dhe Zhvillimit Rural (MBPZhR), n\u00eb bashk\u00ebpunim me programin e financuar nga Bashkimi Evropian dhe Suedia \u201cMb\u00ebshtetje p\u00ebr fuqizimin e menaxhimit t\u00eb q\u00ebndruesh\u00ebm dhe shum\u00ebq\u00ebllimor t\u00eb pyjeve&hellip;<\/div>\n\n                <div class=\"more-link-wrap\">\n                    <a class=\"more-link\" href=\"https:\/\/apkrks.net\/en\/news\/mbahet-rishikimi-i-perbashket-vjetor-2025-per-sektorin-e-pylltarise-ne-kosove\">\n                        <span>Read More<\/span>\n                    <\/a>\n                <\/div>\n            <\/div>\n        <\/div>\n    <\/div>\n<\/div>                        <\/div>\n                                                <div class=\"elementor-posts-item\">\n                            <div class=\"post-style-1\">\n    <div class=\"post-inner\">\n\t\t<a href=\"https:\/\/apkrks.net\/en\/ceremonies\/perurohet-qendra-per-ngritjen-e-kapaciteteve-ne-pylltari-me-mbeshtetjen-e-be-se-dhe-suedise\">\n        <div class=\"post-thumbnail\"><img loading=\"lazy\" decoding=\"async\" width=\"740\" height=\"560\" src=\"https:\/\/apkrks.net\/wp-content\/uploads\/2025\/11\/perurimi-i-qendres-se-trajnimeve-dhe-donacione-per-Agjencine-e-Pyjeve-foto-Ridvan-Slivova-44-740x560.jpg\" class=\"attachment-adventis-post-grid size-adventis-post-grid wp-post-image\" alt=\"\" \/><\/div>\t\t<\/a>\n        <div class=\"post-content\">\n            <div class=\"entry-content\">\n                <div class=\"entry-meta-top\">\n                      <div class=\"categories-link\"> <span class=\"screen-reader-text\">Categories<\/span><a href=\"https:\/\/apkrks.net\/en\/category\/ceremonies\" rel=\"category tag\" style=\"color: #969ba1\"><span class=\"adventis_dot_cat\" style=\"background-color: #969ba1\"><\/span>Ceremonies<\/a><span class=\"dot\">,<\/span><a href=\"https:\/\/apkrks.net\/en\/category\/news\" rel=\"category tag\" style=\"color: #969ba1\"><span class=\"adventis_dot_cat\" style=\"background-color: #969ba1\"><\/span>News<\/a><\/div>                     <div class=\"posted-on\"><a href=\"https:\/\/apkrks.net\/en\/ceremonies\/perurohet-qendra-per-ngritjen-e-kapaciteteve-ne-pylltari-me-mbeshtetjen-e-be-se-dhe-suedise\" rel=\"bookmark\">November 19, 2025<\/a><\/div>                   <\/div>\n                <h3 class=\"entry-title\"><a href=\"https:\/\/apkrks.net\/en\/ceremonies\/perurohet-qendra-per-ngritjen-e-kapaciteteve-ne-pylltari-me-mbeshtetjen-e-be-se-dhe-suedise\" rel=\"bookmark\">P\u00ebrurohet Qendra p\u00ebr Ngritjen e Kapaciteteve n\u00eb Pylltari me mb\u00ebshtetjen e BE-s\u00eb dhe Suedis\u00eb<\/a><\/h3>\n                <div class=\"excerpt-content\">Blinaj\u00eb, 19 N\u00ebntor 2025 \u2013 Qendra p\u00ebr Ngritjen e Kapaciteteve n\u00eb Pylltari n\u00eb Blinaj\u00eb u p\u00ebrurua sot zyrtarisht, duke sh\u00ebnuar nj\u00eb hap t\u00eb r\u00ebnd\u00ebsish\u00ebm n\u00eb forcimin e sektorit t\u00eb pylltaris\u00eb&hellip;<\/div>\n\n                <div class=\"more-link-wrap\">\n                    <a class=\"more-link\" href=\"https:\/\/apkrks.net\/en\/ceremonies\/perurohet-qendra-per-ngritjen-e-kapaciteteve-ne-pylltari-me-mbeshtetjen-e-be-se-dhe-suedise\">\n                        <span>Read More<\/span>\n                    <\/a>\n                <\/div>\n            <\/div>\n        <\/div>\n    <\/div>\n<\/div>                        <\/div>\n                                                <div class=\"elementor-posts-item\">\n                            <div class=\"post-style-1\">\n    <div class=\"post-inner\">\n\t\t<a href=\"https:\/\/apkrks.net\/en\/news\/njoftim-2\">\n        <div class=\"post-thumbnail\"><img loading=\"lazy\" decoding=\"async\" width=\"740\" height=\"560\" src=\"https:\/\/apkrks.net\/wp-content\/uploads\/2025\/01\/Njoftim-Announcement-Saopstenje-APK-740x560.png\" class=\"attachment-adventis-post-grid size-adventis-post-grid wp-post-image\" alt=\"\" \/><\/div>\t\t<\/a>\n        <div class=\"post-content\">\n            <div class=\"entry-content\">\n                <div class=\"entry-meta-top\">\n                      <div class=\"categories-link\"> <span class=\"screen-reader-text\">Categories<\/span><a href=\"https:\/\/apkrks.net\/en\/category\/news\" rel=\"category tag\" style=\"color: #969ba1\"><span class=\"adventis_dot_cat\" style=\"background-color: #969ba1\"><\/span>News<\/a><span class=\"dot\">,<\/span><a href=\"https:\/\/apkrks.net\/en\/category\/publications\" rel=\"category tag\" style=\"color: #969ba1\"><span class=\"adventis_dot_cat\" style=\"background-color: #969ba1\"><\/span>Publications<\/a><\/div>                     <div class=\"posted-on\"><a href=\"https:\/\/apkrks.net\/en\/news\/njoftim-2\" rel=\"bookmark\">October 20, 2025<\/a><\/div>                   <\/div>\n                <h3 class=\"entry-title\"><a href=\"https:\/\/apkrks.net\/en\/news\/njoftim-2\" rel=\"bookmark\">NJOFTIM<\/a><\/h3>\n                <div class=\"excerpt-content\">Njoftim ! Duke u mb\u00ebshtetur n\u00eb Ligjin p\u00ebr Pyje Nr.08\/L-137, neni 28, pika 3 , thuhet : Projekt planin menaxhues , Agjencia duhet ta v\u00eb n\u00eb diskutim publik p\u00ebr komente&hellip;<\/div>\n\n                <div class=\"more-link-wrap\">\n                    <a class=\"more-link\" href=\"https:\/\/apkrks.net\/en\/news\/njoftim-2\">\n                        <span>Read More<\/span>\n                    <\/a>\n                <\/div>\n            <\/div>\n        <\/div>\n    <\/div>\n<\/div>                        <\/div>\n                                                <div class=\"elementor-posts-item\">\n                            <div class=\"post-style-1\">\n    <div class=\"post-inner\">\n\t\t<a href=\"https:\/\/apkrks.net\/en\/awareness\/ti-mbrojme-pyjet-nga-zjarret\">\n        <div class=\"post-thumbnail\"><img loading=\"lazy\" decoding=\"async\" width=\"740\" height=\"560\" src=\"https:\/\/apkrks.net\/wp-content\/uploads\/2025\/08\/FB_KOS_post-no.2-740x560.jpg\" class=\"attachment-adventis-post-grid size-adventis-post-grid wp-post-image\" alt=\"\" \/><\/div>\t\t<\/a>\n        <div class=\"post-content\">\n            <div class=\"entry-content\">\n                <div class=\"entry-meta-top\">\n                      <div class=\"categories-link\"> <span class=\"screen-reader-text\">Categories<\/span><a href=\"https:\/\/apkrks.net\/en\/category\/awareness\" rel=\"category tag\" style=\"color: #969ba1\"><span class=\"adventis_dot_cat\" style=\"background-color: #969ba1\"><\/span>awareness<\/a><span class=\"dot\">,<\/span><a href=\"https:\/\/apkrks.net\/en\/category\/campaign\" rel=\"category tag\" style=\"color: #002248\"><span class=\"adventis_dot_cat\" style=\"background-color: #002248\"><\/span>Campaign<\/a><\/div>                     <div class=\"posted-on\"><a href=\"https:\/\/apkrks.net\/en\/awareness\/ti-mbrojme-pyjet-nga-zjarret\" rel=\"bookmark\">August 13, 2025<\/a><\/div>                   <\/div>\n                <h3 class=\"entry-title\"><a href=\"https:\/\/apkrks.net\/en\/awareness\/ti-mbrojme-pyjet-nga-zjarret\" rel=\"bookmark\">T&#8217;i mbrojm\u00eb pyjet nga zjarret<\/a><\/h3>\n                <div class=\"excerpt-content\">\u00a0Ballkani Per\u00ebndimor \u00ebsht\u00eb gjithnj\u00eb e m\u00eb i ekspozuar ndaj rrezikut t\u00eb zjarreve n\u00eb natyr\u00eb \u2014 t\u00eb nxitura nga temperaturat n\u00eb rritje, that\u00ebsirat e zgjatura dhe pakujdesia njer\u00ebzore. K\u00ebto zjarre nuk&hellip;<\/div>\n\n                <div class=\"more-link-wrap\">\n                    <a class=\"more-link\" href=\"https:\/\/apkrks.net\/en\/awareness\/ti-mbrojme-pyjet-nga-zjarret\">\n                        <span>Read More<\/span>\n                    <\/a>\n                <\/div>\n            <\/div>\n        <\/div>\n    <\/div>\n<\/div>                        <\/div>\n                                                <div class=\"elementor-posts-item\">\n                            <div class=\"post-style-1\">\n    <div class=\"post-inner\">\n\t\t<a href=\"https:\/\/apkrks.net\/en\/announcement\/vleresim-ne-terren-ne-kuader-te-planifikimit-te-inventarizimit-kombetar-te-pyjeve-mbpzhr\">\n        <div class=\"post-thumbnail\"><img loading=\"lazy\" decoding=\"async\" width=\"740\" height=\"560\" src=\"https:\/\/apkrks.net\/wp-content\/uploads\/2025\/07\/a3a5d46b-9116-4cfa-952a-751c9329ffbe-740x560.jpg\" class=\"attachment-adventis-post-grid size-adventis-post-grid wp-post-image\" alt=\"\" \/><\/div>\t\t<\/a>\n        <div class=\"post-content\">\n            <div class=\"entry-content\">\n                <div class=\"entry-meta-top\">\n                      <div class=\"categories-link\"> <span class=\"screen-reader-text\">Categories<\/span><a href=\"https:\/\/apkrks.net\/en\/category\/announcement\" rel=\"category tag\" style=\"color: #969ba1\"><span class=\"adventis_dot_cat\" style=\"background-color: #969ba1\"><\/span>announcement<\/a><span class=\"dot\">,<\/span><a href=\"https:\/\/apkrks.net\/en\/category\/ceremonies\" rel=\"category tag\" style=\"color: #969ba1\"><span class=\"adventis_dot_cat\" style=\"background-color: #969ba1\"><\/span>Ceremonies<\/a><span class=\"dot\">,<\/span><a href=\"https:\/\/apkrks.net\/en\/category\/lifestyle\" rel=\"category tag\" style=\"color: #969ba1\"><span class=\"adventis_dot_cat\" style=\"background-color: #969ba1\"><\/span>Lifestyle<\/a><span class=\"dot\">,<\/span><a href=\"https:\/\/apkrks.net\/en\/category\/news\" rel=\"category tag\" style=\"color: #969ba1\"><span class=\"adventis_dot_cat\" style=\"background-color: #969ba1\"><\/span>News<\/a><span class=\"dot\">,<\/span><a href=\"https:\/\/apkrks.net\/en\/category\/trainings\" rel=\"category tag\" style=\"color: #969ba1\"><span class=\"adventis_dot_cat\" style=\"background-color: #969ba1\"><\/span>Trainings<\/a><span class=\"dot\">,<\/span><a href=\"https:\/\/apkrks.net\/en\/category\/visits\" rel=\"category tag\" style=\"color: #969ba1\"><span class=\"adventis_dot_cat\" style=\"background-color: #969ba1\"><\/span>Visits<\/a><\/div>                     <div class=\"posted-on\"><a href=\"https:\/\/apkrks.net\/en\/announcement\/vleresim-ne-terren-ne-kuader-te-planifikimit-te-inventarizimit-kombetar-te-pyjeve-mbpzhr\" rel=\"bookmark\">July 14, 2025<\/a><\/div>                   <\/div>\n                <h3 class=\"entry-title\"><a href=\"https:\/\/apkrks.net\/en\/announcement\/vleresim-ne-terren-ne-kuader-te-planifikimit-te-inventarizimit-kombetar-te-pyjeve-mbpzhr\" rel=\"bookmark\">Vler\u00ebsim n\u00eb terren n\u00eb kuad\u00ebr t\u00eb planifikimit t\u00eb Inventarizimit Komb\u00ebtar t\u00eb Pyjeve MBPZHR<\/a><\/h3>\n                <div class=\"excerpt-content\">Agjencia Pyjore e Kosov\u00ebs, ne kuad\u00ebr te programit \u201cMb\u00ebshtetje n\u00eb fuqizimin e menaxhimit t\u00eb q\u00ebndruesh\u00ebm dhe shum\u00ebq\u00ebllimor t\u00eb pyjeve p\u00ebr p\u00ebrmir\u00ebsimin e jetes\u00ebs n\u00eb zonat rurale dhe adresimin e ndryshimeve&hellip;<\/div>\n\n                <div class=\"more-link-wrap\">\n                    <a class=\"more-link\" href=\"https:\/\/apkrks.net\/en\/announcement\/vleresim-ne-terren-ne-kuader-te-planifikimit-te-inventarizimit-kombetar-te-pyjeve-mbpzhr\">\n                        <span>Read More<\/span>\n                    <\/a>\n                <\/div>\n            <\/div>\n        <\/div>\n    <\/div>\n<\/div>                        <\/div>\n                                                <div class=\"elementor-posts-item\">\n                            <div class=\"post-style-1\">\n    <div class=\"post-inner\">\n\t\t<a href=\"https:\/\/apkrks.net\/en\/campaign\/awareness-raising-campaign-begins-to-raise-public-awareness-about-the-role-and-importance-of-forests\">\n        <div class=\"post-thumbnail\"><img loading=\"lazy\" decoding=\"async\" width=\"740\" height=\"560\" src=\"https:\/\/apkrks.net\/wp-content\/uploads\/2025\/04\/Awareness-Campaign-740x560.png\" class=\"attachment-adventis-post-grid size-adventis-post-grid wp-post-image\" alt=\"\" \/><\/div>\t\t<\/a>\n        <div class=\"post-content\">\n            <div class=\"entry-content\">\n                <div class=\"entry-meta-top\">\n                      <div class=\"categories-link\"> <span class=\"screen-reader-text\">Categories<\/span><a href=\"https:\/\/apkrks.net\/en\/category\/campaign\" rel=\"category tag\" style=\"color: #002248\"><span class=\"adventis_dot_cat\" style=\"background-color: #002248\"><\/span>Campaign<\/a><\/div>                     <div class=\"posted-on\"><a href=\"https:\/\/apkrks.net\/en\/campaign\/awareness-raising-campaign-begins-to-raise-public-awareness-about-the-role-and-importance-of-forests\" rel=\"bookmark\">April 28, 2025<\/a><\/div>                   <\/div>\n                <h3 class=\"entry-title\"><a href=\"https:\/\/apkrks.net\/en\/campaign\/awareness-raising-campaign-begins-to-raise-public-awareness-about-the-role-and-importance-of-forests\" rel=\"bookmark\">Awareness Raising campaign begins to raise public awareness about the role and importance of forests<\/a><\/h3>\n                <div class=\"excerpt-content\">An awareness campaign has been launched to educate the public on the importance of forests and environmental protection in Kosovo. This comprehensive awareness and education campaign on the importance of&hellip;<\/div>\n\n                <div class=\"more-link-wrap\">\n                    <a class=\"more-link\" href=\"https:\/\/apkrks.net\/en\/campaign\/awareness-raising-campaign-begins-to-raise-public-awareness-about-the-role-and-importance-of-forests\">\n                        <span>Read More<\/span>\n                    <\/a>\n                <\/div>\n            <\/div>\n        <\/div>\n    <\/div>\n<\/div>                        <\/div>\n                                                <div class=\"elementor-posts-item\">\n                            <div class=\"post-style-1\">\n    <div class=\"post-inner\">\n\t\t<a href=\"https:\/\/apkrks.net\/en\/news\/testimi-dhe-trajnimi-per-sistemin-informativ-te-pyjeve-te-kosoves-sipk\">\n        <div class=\"post-thumbnail\"><img loading=\"lazy\" decoding=\"async\" width=\"740\" height=\"560\" src=\"https:\/\/apkrks.net\/wp-content\/uploads\/2025\/03\/484334031_1065562222280071_2356850248366424373_n-740x560.jpg\" class=\"attachment-adventis-post-grid size-adventis-post-grid wp-post-image\" alt=\"\" srcset=\"https:\/\/apkrks.net\/wp-content\/uploads\/2025\/03\/484334031_1065562222280071_2356850248366424373_n-740x560.jpg 740w, https:\/\/apkrks.net\/wp-content\/uploads\/2025\/03\/484334031_1065562222280071_2356850248366424373_n-16x12.jpg 16w\" sizes=\"(max-width: 740px) 100vw, 740px\" \/><\/div>\t\t<\/a>\n        <div class=\"post-content\">\n            <div class=\"entry-content\">\n                <div class=\"entry-meta-top\">\n                      <div class=\"categories-link\"> <span class=\"screen-reader-text\">Categories<\/span><a href=\"https:\/\/apkrks.net\/en\/category\/news\" rel=\"category tag\" style=\"color: #969ba1\"><span class=\"adventis_dot_cat\" style=\"background-color: #969ba1\"><\/span>News<\/a><\/div>                     <div class=\"posted-on\"><a href=\"https:\/\/apkrks.net\/en\/news\/testimi-dhe-trajnimi-per-sistemin-informativ-te-pyjeve-te-kosoves-sipk\" rel=\"bookmark\">March 18, 2025<\/a><\/div>                   <\/div>\n                <h3 class=\"entry-title\"><a href=\"https:\/\/apkrks.net\/en\/news\/testimi-dhe-trajnimi-per-sistemin-informativ-te-pyjeve-te-kosoves-sipk\" rel=\"bookmark\">Testimi dhe Trajnimi p\u00ebr Sistemin Informativ t\u00eb Pyjeve t\u00eb Kosov\u00ebs (SIPK)<\/a><\/h3>\n                <div class=\"excerpt-content\">Sot, n\u00eb Qendr\u00ebn e Trajnimeve p\u00ebr Pylltari n\u00eb Blinaj\u00eb, \u00ebsht\u00eb mbajtur testimi dhe trajnimi i profesionist\u00ebve t\u00eb pylltaris\u00eb p\u00ebr Sistemin Informativ t\u00eb Pyjeve t\u00eb Kosov\u00ebs (SIPK). Ky sistem tashm\u00eb ka&hellip;<\/div>\n\n                <div class=\"more-link-wrap\">\n                    <a class=\"more-link\" href=\"https:\/\/apkrks.net\/en\/news\/testimi-dhe-trajnimi-per-sistemin-informativ-te-pyjeve-te-kosoves-sipk\">\n                        <span>Read More<\/span>\n                    <\/a>\n                <\/div>\n            <\/div>\n        <\/div>\n    <\/div>\n<\/div>                        <\/div>\n                                                <div class=\"elementor-posts-item\">\n                            <div class=\"post-style-1\">\n    <div class=\"post-inner\">\n\t\t<a href=\"https:\/\/apkrks.net\/en\/news\/agjencia-pyjore-e-kosoves-i-dorezon-100-hektare-toke-pyjore-ne-batllave-per-ministrine-e-mbrojtjes-dhe-te-fsk-se\">\n        <div class=\"post-thumbnail\"><img loading=\"lazy\" decoding=\"async\" width=\"740\" height=\"560\" src=\"https:\/\/apkrks.net\/wp-content\/uploads\/2025\/03\/481900009_1068068215345613_5697946430790066224_n-740x560.jpg\" class=\"attachment-adventis-post-grid size-adventis-post-grid wp-post-image\" alt=\"\" \/><\/div>\t\t<\/a>\n        <div class=\"post-content\">\n            <div class=\"entry-content\">\n                <div class=\"entry-meta-top\">\n                      <div class=\"categories-link\"> <span class=\"screen-reader-text\">Categories<\/span><a href=\"https:\/\/apkrks.net\/en\/category\/news\" rel=\"category tag\" style=\"color: #969ba1\"><span class=\"adventis_dot_cat\" style=\"background-color: #969ba1\"><\/span>News<\/a><\/div>                     <div class=\"posted-on\"><a href=\"https:\/\/apkrks.net\/en\/news\/agjencia-pyjore-e-kosoves-i-dorezon-100-hektare-toke-pyjore-ne-batllave-per-ministrine-e-mbrojtjes-dhe-te-fsk-se\" rel=\"bookmark\">March 10, 2025<\/a><\/div>                   <\/div>\n                <h3 class=\"entry-title\"><a href=\"https:\/\/apkrks.net\/en\/news\/agjencia-pyjore-e-kosoves-i-dorezon-100-hektare-toke-pyjore-ne-batllave-per-ministrine-e-mbrojtjes-dhe-te-fsk-se\" rel=\"bookmark\">Agjencia Pyjore e Kosov\u00ebs i dor\u00ebzon 100 hektar\u00eb tok\u00eb Pyjore n\u00eb Batllav\u00eb p\u00ebr Ministrin\u00eb e Mbrojtjes dhe t\u00eb FSK-s\u00eb<\/a><\/h3>\n                <div class=\"excerpt-content\">Batllav\u00eb, 6 Mars 2025 Ministria e Mbrojtjes dhe Forca e Siguris\u00eb s\u00eb Kosov\u00ebs (FSK) kan\u00eb marr\u00eb zyrtarisht n\u00eb shfryt\u00ebzim nj\u00eb sip\u00ebrfaqe prej 100 hektar\u00ebsh n\u00eb rajonin e Batllav\u00ebs, n\u00eb komun\u00ebn&hellip;<\/div>\n\n                <div class=\"more-link-wrap\">\n                    <a class=\"more-link\" href=\"https:\/\/apkrks.net\/en\/news\/agjencia-pyjore-e-kosoves-i-dorezon-100-hektare-toke-pyjore-ne-batllave-per-ministrine-e-mbrojtjes-dhe-te-fsk-se\">\n                        <span>Read More<\/span>\n                    <\/a>\n                <\/div>\n            <\/div>\n        <\/div>\n    <\/div>\n<\/div>                        <\/div>\n                                                <div class=\"elementor-posts-item\">\n                            <div class=\"post-style-1\">\n    <div class=\"post-inner\">\n\t\t<a href=\"https:\/\/apkrks.net\/en\/news\/workshop-on-coordination-of-activities-for-sustainable-forest-management\">\n        <div class=\"post-thumbnail\"><img loading=\"lazy\" decoding=\"async\" width=\"740\" height=\"560\" src=\"https:\/\/apkrks.net\/wp-content\/uploads\/2025\/02\/f289b337-04c6-4dfd-86ab-fb3d2be933ad-740x560.png\" class=\"attachment-adventis-post-grid size-adventis-post-grid wp-post-image\" alt=\"\" srcset=\"https:\/\/apkrks.net\/wp-content\/uploads\/2025\/02\/f289b337-04c6-4dfd-86ab-fb3d2be933ad-740x560.png 740w, https:\/\/apkrks.net\/wp-content\/uploads\/2025\/02\/f289b337-04c6-4dfd-86ab-fb3d2be933ad-16x12.png 16w\" sizes=\"(max-width: 740px) 100vw, 740px\" \/><\/div>\t\t<\/a>\n        <div class=\"post-content\">\n            <div class=\"entry-content\">\n                <div class=\"entry-meta-top\">\n                      <div class=\"categories-link\"> <span class=\"screen-reader-text\">Categories<\/span><a href=\"https:\/\/apkrks.net\/en\/category\/news\" rel=\"category tag\" style=\"color: #969ba1\"><span class=\"adventis_dot_cat\" style=\"background-color: #969ba1\"><\/span>News<\/a><\/div>                     <div class=\"posted-on\"><a href=\"https:\/\/apkrks.net\/en\/news\/workshop-on-coordination-of-activities-for-sustainable-forest-management\" rel=\"bookmark\">February 12, 2025<\/a><\/div>                   <\/div>\n                <h3 class=\"entry-title\"><a href=\"https:\/\/apkrks.net\/en\/news\/workshop-on-coordination-of-activities-for-sustainable-forest-management\" rel=\"bookmark\">Workshop on Coordination of Activities for Sustainable Forest Management<\/a><\/h3>\n                <div class=\"excerpt-content\">Workshop on Coordination of Activities for Sustainable Forest Management An important workshop was held at the Forestry Vocational Training Center in Blinaje, organized by the Food and Agriculture Organization of&hellip;<\/div>\n\n                <div class=\"more-link-wrap\">\n                    <a class=\"more-link\" href=\"https:\/\/apkrks.net\/en\/news\/workshop-on-coordination-of-activities-for-sustainable-forest-management\">\n                        <span>Read More<\/span>\n                    <\/a>\n                <\/div>\n            <\/div>\n        <\/div>\n    <\/div>\n<\/div>                        <\/div>\n                                                <div class=\"elementor-posts-item\">\n                            <div class=\"post-style-1\">\n    <div class=\"post-inner\">\n\t\t<a href=\"https:\/\/apkrks.net\/en\/news\/kosovo-forestry-agency-participating-in-the-mafrd-workshop-on-planning-activities-2025-and-cooperation-with-donors\">\n        <div class=\"post-thumbnail\"><img loading=\"lazy\" decoding=\"async\" width=\"740\" height=\"560\" src=\"https:\/\/apkrks.net\/wp-content\/uploads\/2025\/01\/Fidani-740x560.jpg\" class=\"attachment-adventis-post-grid size-adventis-post-grid wp-post-image\" alt=\"\" srcset=\"https:\/\/apkrks.net\/wp-content\/uploads\/2025\/01\/Fidani-740x560.jpg 740w, https:\/\/apkrks.net\/wp-content\/uploads\/2025\/01\/Fidani-16x12.jpg 16w\" sizes=\"(max-width: 740px) 100vw, 740px\" \/><\/div>\t\t<\/a>\n        <div class=\"post-content\">\n            <div class=\"entry-content\">\n                <div class=\"entry-meta-top\">\n                      <div class=\"categories-link\"> <span class=\"screen-reader-text\">Categories<\/span><a href=\"https:\/\/apkrks.net\/en\/category\/news\" rel=\"category tag\" style=\"color: #969ba1\"><span class=\"adventis_dot_cat\" style=\"background-color: #969ba1\"><\/span>News<\/a><span class=\"dot\">,<\/span><a href=\"https:\/\/apkrks.net\/en\/category\/publications\" rel=\"category tag\" style=\"color: #969ba1\"><span class=\"adventis_dot_cat\" style=\"background-color: #969ba1\"><\/span>Publications<\/a><\/div>                     <div class=\"posted-on\"><a href=\"https:\/\/apkrks.net\/en\/news\/kosovo-forestry-agency-participating-in-the-mafrd-workshop-on-planning-activities-2025-and-cooperation-with-donors\" rel=\"bookmark\">January 28, 2025<\/a><\/div>                   <\/div>\n                <h3 class=\"entry-title\"><a href=\"https:\/\/apkrks.net\/en\/news\/kosovo-forestry-agency-participating-in-the-mafrd-workshop-on-planning-activities-2025-and-cooperation-with-donors\" rel=\"bookmark\">Kosovo Forestry Agency Participating in the MAFRD Workshop on Planning Activities 2025 and Cooperation with Donors<\/a><\/h3>\n                <div class=\"excerpt-content\">The Kosovo Forestry Agency, under the leadership of the Executive Director Fidan Dema, participated in the two-day workshop organized by the Ministry of Agriculture, Forestry and Rural Development (MAFRD), with&hellip;<\/div>\n\n                <div class=\"more-link-wrap\">\n                    <a class=\"more-link\" href=\"https:\/\/apkrks.net\/en\/news\/kosovo-forestry-agency-participating-in-the-mafrd-workshop-on-planning-activities-2025-and-cooperation-with-donors\">\n                        <span>Read More<\/span>\n                    <\/a>\n                <\/div>\n            <\/div>\n        <\/div>\n    <\/div>\n<\/div>                        <\/div>\n                                                <div class=\"elementor-posts-item\">\n                            <div class=\"post-style-1\">\n    <div class=\"post-inner\">\n\t\t<a href=\"https:\/\/apkrks.net\/en\/news\/kosovo-forestry-agency-participates-in-the-event-to-combat-the-pine-processionary-pest\">\n        <div class=\"post-thumbnail\"><img loading=\"lazy\" decoding=\"async\" width=\"740\" height=\"560\" src=\"https:\/\/apkrks.net\/wp-content\/uploads\/2025\/01\/d005f9d2-604a-4572-bd6d-8161b7c53f49-740x560.jpg\" class=\"attachment-adventis-post-grid size-adventis-post-grid wp-post-image\" alt=\"\" \/><\/div>\t\t<\/a>\n        <div class=\"post-content\">\n            <div class=\"entry-content\">\n                <div class=\"entry-meta-top\">\n                      <div class=\"categories-link\"> <span class=\"screen-reader-text\">Categories<\/span><a href=\"https:\/\/apkrks.net\/en\/category\/news\" rel=\"category tag\" style=\"color: #969ba1\"><span class=\"adventis_dot_cat\" style=\"background-color: #969ba1\"><\/span>News<\/a><span class=\"dot\">,<\/span><a href=\"https:\/\/apkrks.net\/en\/category\/publications\" rel=\"category tag\" style=\"color: #969ba1\"><span class=\"adventis_dot_cat\" style=\"background-color: #969ba1\"><\/span>Publications<\/a><\/div>                     <div class=\"posted-on\"><a href=\"https:\/\/apkrks.net\/en\/news\/kosovo-forestry-agency-participates-in-the-event-to-combat-the-pine-processionary-pest\" rel=\"bookmark\">January 27, 2025<\/a><\/div>                   <\/div>\n                <h3 class=\"entry-title\"><a href=\"https:\/\/apkrks.net\/en\/news\/kosovo-forestry-agency-participates-in-the-event-to-combat-the-pine-processionary-pest\" rel=\"bookmark\">Kosovo Forestry Agency Participates in the Event to Combat the Pine Processionary Pest<\/a><\/h3>\n                <div class=\"excerpt-content\">The Kosovo Forestry Agency, at the invitation of the General Director of the National Forest Agency of Albania, participated in an important event that marked the opening of the project&hellip;<\/div>\n\n                <div class=\"more-link-wrap\">\n                    <a class=\"more-link\" href=\"https:\/\/apkrks.net\/en\/news\/kosovo-forestry-agency-participates-in-the-event-to-combat-the-pine-processionary-pest\">\n                        <span>Read More<\/span>\n                    <\/a>\n                <\/div>\n            <\/div>\n        <\/div>\n    <\/div>\n<\/div>                        <\/div>\n                                                <div class=\"elementor-posts-item\">\n                            <div class=\"post-style-1\">\n    <div class=\"post-inner\">\n\t\t<a href=\"https:\/\/apkrks.net\/en\/news\/memorandum-of-cooperation-between-the-kosovo-forestry-agency-and-the-national-forestry-agency-of-albania\">\n        <div class=\"post-thumbnail\"><img loading=\"lazy\" decoding=\"async\" width=\"740\" height=\"560\" src=\"https:\/\/apkrks.net\/wp-content\/uploads\/2025\/01\/473808699_659242829764360_1630027726987986373_n-740x560.jpg\" class=\"attachment-adventis-post-grid size-adventis-post-grid wp-post-image\" alt=\"\" \/><\/div>\t\t<\/a>\n        <div class=\"post-content\">\n            <div class=\"entry-content\">\n                <div class=\"entry-meta-top\">\n                      <div class=\"categories-link\"> <span class=\"screen-reader-text\">Categories<\/span><a href=\"https:\/\/apkrks.net\/en\/category\/ceremonies\" rel=\"category tag\" style=\"color: #969ba1\"><span class=\"adventis_dot_cat\" style=\"background-color: #969ba1\"><\/span>Ceremonies<\/a><span class=\"dot\">,<\/span><a href=\"https:\/\/apkrks.net\/en\/category\/news\" rel=\"category tag\" style=\"color: #969ba1\"><span class=\"adventis_dot_cat\" style=\"background-color: #969ba1\"><\/span>News<\/a><\/div>                     <div class=\"posted-on\"><a href=\"https:\/\/apkrks.net\/en\/news\/memorandum-of-cooperation-between-the-kosovo-forestry-agency-and-the-national-forestry-agency-of-albania\" rel=\"bookmark\">January 27, 2025<\/a><\/div>                   <\/div>\n                <h3 class=\"entry-title\"><a href=\"https:\/\/apkrks.net\/en\/news\/memorandum-of-cooperation-between-the-kosovo-forestry-agency-and-the-national-forestry-agency-of-albania\" rel=\"bookmark\">Memorandum of Cooperation Between the Kosovo Forestry Agency and the National Forestry Agency of Albania<\/a><\/h3>\n                <div class=\"excerpt-content\">We are pleased to announce that the Executive Director of the Kosovo Forestry Agency, Mr. Fidan Dema, has signed a Memorandum of Cooperation with the National Forestry Agency of Albania.&hellip;<\/div>\n\n                <div class=\"more-link-wrap\">\n                    <a class=\"more-link\" href=\"https:\/\/apkrks.net\/en\/news\/memorandum-of-cooperation-between-the-kosovo-forestry-agency-and-the-national-forestry-agency-of-albania\">\n                        <span>Read More<\/span>\n                    <\/a>\n                <\/div>\n            <\/div>\n        <\/div>\n    <\/div>\n<\/div>                        <\/div>\n                                        <\/div>\n            <\/div>\n                    <div class=\"pagination\">\n            <nav class=\"elementor-pagination\" aria-label=\"Pagination\">\n                <span aria-current=\"page\" class=\"page-numbers current\"><span class=\"elementor-screen-only\">Page<\/span>1<\/span>\n<a class=\"page-numbers\" href=\"https:\/\/apkrks.net\/en\/wp-json\/wp\/v2\/pages\/38\/page\/2\"><span class=\"elementor-screen-only\">Page<\/span>2<\/a>            <\/nav>\n        <\/div>\n                            <\/div>\n        \t\t<\/div>\n\t\t\t\t<\/div>\n\t\t\t\t\t<\/div>\n\t\t\t\t<\/div>\n\t\t\t\t<\/div>",
        "protected": false
    },
    "excerpt": {
        "rendered": "<p>CategoriesCeremonies October 26, 2024 Forest Camp 2024 Kicks Off in Novo Brdo\/Novob\u00ebrd\u00eb with EU and Sweden Support to Foster Sustainable Forest Management and Rural Development October 2024 \u2013\u00a021st of October marked the official launch of Forest Camp 2024 in\u00a0Novo Brdo\/Novob\u00ebrd\u00eb, under the EU and Sweden funded program &#8220;Support for strengthening sustainable and multi-purpose forest management&hellip; [&hellip;]<\/p>",
        "protected": false
    },
    "author": 1,
    "featured_media": 0,
    "parent": 0,
    "menu_order": 0,
    "comment_status": "closed",
    "ping_status": "closed",
    "template": "",
    "meta": {
        "inline_featured_image": false,
        "ngg_post_thumbnail": 0,
        "footnotes": ""
    },
    "class_list": [
        "post-38",
        "page",
        "type-page",
        "status-publish",
        "hentry"
    ],
    "yoast_head": "<!-- This site is optimized with the Yoast SEO plugin v25.5 - https:\/\/yoast.com\/wordpress\/plugins\/seo\/ -->\n<title>News - Agjencia Pyjore e Kosov\u00ebs<\/title>\n<meta name=\"robots\" content=\"index, follow, max-snippet:-1, max-image-preview:large, max-video-preview:-1\" \/>\n<link rel=\"canonical\" href=\"https:\/\/apkrks.net\/en\/lajmet\/\" \/>\n<script type=\"application\/ld+json\" class=\"yoast-schema-graph\">{\"@context\":\"https:\/\/schema.org\",\"@graph\":[{\"@type\":\"WebPage\",\"@id\":\"https:\/\/apkrks.net\/lajmet\",\"url\":\"https:\/\/apkrks.net\/lajmet\",\"name\":\"News - Agjencia Pyjore e Kosov\u00ebs\",\"isPartOf\":{\"@id\":\"https:\/\/apkrks.net\/sq\/#website\"},\"primaryImageOfPage\":{\"@id\":\"https:\/\/apkrks.net\/lajmet#primaryimage\"},\"image\":{\"@id\":\"https:\/\/apkrks.net\/lajmet#primaryimage\"},\"thumbnailUrl\":\"https:\/\/apkrks.net\/wp-content\/uploads\/2024\/10\/parkupyjor1-740x560.jpeg\",\"datePublished\":\"2023-10-02T07:00:12+00:00\",\"dateModified\":\"2024-11-05T20:06:12+00:00\",\"breadcrumb\":{\"@id\":\"https:\/\/apkrks.net\/lajmet#breadcrumb\"},\"inLanguage\":\"en-US\",\"potentialAction\":[{\"@type\":\"ReadAction\",\"target\":[\"https:\/\/apkrks.net\/lajmet\"]}]},{\"@type\":\"ImageObject\",\"inLanguage\":\"en-US\",\"@id\":\"https:\/\/apkrks.net\/lajmet#primaryimage\",\"url\":\"https:\/\/apkrks.net\/wp-content\/uploads\/2024\/10\/parkupyjor1-740x560.jpeg\",\"contentUrl\":\"https:\/\/apkrks.net\/wp-content\/uploads\/2024\/10\/parkupyjor1-740x560.jpeg\"},{\"@type\":\"BreadcrumbList\",\"@id\":\"https:\/\/apkrks.net\/lajmet#breadcrumb\",\"itemListElement\":[{\"@type\":\"ListItem\",\"position\":1,\"name\":\"Home\",\"item\":\"https:\/\/apkrks.net\/\"},{\"@type\":\"ListItem\",\"position\":2,\"name\":\"News\"}]},{\"@type\":\"WebSite\",\"@id\":\"https:\/\/apkrks.net\/sq\/#website\",\"url\":\"https:\/\/apkrks.net\/sq\/\",\"name\":\"Agjencia Pyjore e Kosov\u00ebs\",\"description\":\"\",\"publisher\":{\"@id\":\"https:\/\/apkrks.net\/sq\/#organization\"},\"alternateName\":\"Agjencioni Pyjor i Kosov\u00ebs\",\"potentialAction\":[{\"@type\":\"SearchAction\",\"target\":{\"@type\":\"EntryPoint\",\"urlTemplate\":\"https:\/\/apkrks.net\/sq\/?s={search_term_string}\"},\"query-input\":{\"@type\":\"PropertyValueSpecification\",\"valueRequired\":true,\"valueName\":\"search_term_string\"}}],\"inLanguage\":\"en-US\"},{\"@type\":\"Organization\",\"@id\":\"https:\/\/apkrks.net\/sq\/#organization\",\"name\":\"Agjencia Pyjore e Kosov\u00ebs\",\"alternateName\":\"Agjencioni Pyjor i Kosov\u00ebs\",\"url\":\"https:\/\/apkrks.net\/sq\/\",\"logo\":{\"@type\":\"ImageObject\",\"inLanguage\":\"en-US\",\"@id\":\"https:\/\/apkrks.net\/sq\/#\/schema\/logo\/image\/\",\"url\":\"https:\/\/apkrks.net\/wp-content\/uploads\/2024\/06\/Emblema_e_qeverise_se_kosoves.png\",\"contentUrl\":\"https:\/\/apkrks.net\/wp-content\/uploads\/2024\/06\/Emblema_e_qeverise_se_kosoves.png\",\"width\":217,\"height\":240,\"caption\":\"Agjencia Pyjore e Kosov\u00ebs\"},\"image\":{\"@id\":\"https:\/\/apkrks.net\/sq\/#\/schema\/logo\/image\/\"},\"sameAs\":[\"https:\/\/www.facebook.com\/profile.php?id=100064789090459\",\"https:\/\/www.youtube.com\/@AgjenciaPyjoreeKosoves\"]}]}<\/script>\n<!-- \/ Yoast SEO plugin. -->",
    "yoast_head_json": {
        "title": "News - Agjencia Pyjore e Kosov\u00ebs",
        "robots": {
            "index": "index",
            "follow": "follow",
            "max-snippet": "max-snippet:-1",
            "max-image-preview": "max-image-preview:large",
            "max-video-preview": "max-video-preview:-1"
        },
        "canonical": "https:\/\/apkrks.net\/en\/lajmet\/",
        "schema": {
            "@context": "https:\/\/schema.org",
            "@graph": [
                {
                    "@type": "WebPage",
                    "@id": "https:\/\/apkrks.net\/lajmet",
                    "url": "https:\/\/apkrks.net\/lajmet",
                    "name": "News - Agjencia Pyjore e Kosov\u00ebs",
                    "isPartOf": {
                        "@id": "https:\/\/apkrks.net\/sq\/#website"
                    },
                    "primaryImageOfPage": {
                        "@id": "https:\/\/apkrks.net\/lajmet#primaryimage"
                    },
                    "image": {
                        "@id": "https:\/\/apkrks.net\/lajmet#primaryimage"
                    },
                    "thumbnailUrl": "https:\/\/apkrks.net\/wp-content\/uploads\/2024\/10\/parkupyjor1-740x560.jpeg",
                    "datePublished": "2023-10-02T07:00:12+00:00",
                    "dateModified": "2024-11-05T20:06:12+00:00",
                    "breadcrumb": {
                        "@id": "https:\/\/apkrks.net\/lajmet#breadcrumb"
                    },
                    "inLanguage": "en-US",
                    "potentialAction": [
                        {
                            "@type": "ReadAction",
                            "target": [
                                "https:\/\/apkrks.net\/lajmet"
                            ]
                        }
                    ]
                },
                {
                    "@type": "ImageObject",
                    "inLanguage": "en-US",
                    "@id": "https:\/\/apkrks.net\/lajmet#primaryimage",
                    "url": "https:\/\/apkrks.net\/wp-content\/uploads\/2024\/10\/parkupyjor1-740x560.jpeg",
                    "contentUrl": "https:\/\/apkrks.net\/wp-content\/uploads\/2024\/10\/parkupyjor1-740x560.jpeg"
                },
                {
                    "@type": "BreadcrumbList",
                    "@id": "https:\/\/apkrks.net\/lajmet#breadcrumb",
                    "itemListElement": [
                        {
                            "@type": "ListItem",
                            "position": 1,
                            "name": "Home",
                            "item": "https:\/\/apkrks.net\/"
                        },
                        {
                            "@type": "ListItem",
                            "position": 2,
                            "name": "News"
                        }
                    ]
                },
                {
                    "@type": "WebSite",
                    "@id": "https:\/\/apkrks.net\/sq\/#website",
                    "url": "https:\/\/apkrks.net\/sq\/",
                    "name": "Agjencia Pyjore e Kosov\u00ebs",
                    "description": "",
                    "publisher": {
                        "@id": "https:\/\/apkrks.net\/sq\/#organization"
                    },
                    "alternateName": "Agjencioni Pyjor i Kosov\u00ebs",
                    "potentialAction": [
                        {
                            "@type": "SearchAction",
                            "target": {
                                "@type": "EntryPoint",
                                "urlTemplate": "https:\/\/apkrks.net\/sq\/?s={search_term_string}"
                            },
                            "query-input": {
                                "@type": "PropertyValueSpecification",
                                "valueRequired": true,
                                "valueName": "search_term_string"
                            }
                        }
                    ],
                    "inLanguage": "en-US"
                },
                {
                    "@type": "Organization",
                    "@id": "https:\/\/apkrks.net\/sq\/#organization",
                    "name": "Agjencia Pyjore e Kosov\u00ebs",
                    "alternateName": "Agjencioni Pyjor i Kosov\u00ebs",
                    "url": "https:\/\/apkrks.net\/sq\/",
                    "logo": {
                        "@type": "ImageObject",
                        "inLanguage": "en-US",
                        "@id": "https:\/\/apkrks.net\/sq\/#\/schema\/logo\/image\/",
                        "url": "https:\/\/apkrks.net\/wp-content\/uploads\/2024\/06\/Emblema_e_qeverise_se_kosoves.png",
                        "contentUrl": "https:\/\/apkrks.net\/wp-content\/uploads\/2024\/06\/Emblema_e_qeverise_se_kosoves.png",
                        "width": 217,
                        "height": 240,
                        "caption": "Agjencia Pyjore e Kosov\u00ebs"
                    },
                    "image": {
                        "@id": "https:\/\/apkrks.net\/sq\/#\/schema\/logo\/image\/"
                    },
                    "sameAs": [
                        "https:\/\/www.facebook.com\/profile.php?id=100064789090459",
                        "https:\/\/www.youtube.com\/@AgjenciaPyjoreeKosoves"
                    ]
                }
            ]
        }
    },
    "_links": {
        "self": [
            {
                "href": "https:\/\/apkrks.net\/en\/wp-json\/wp\/v2\/pages\/38"
            }
        ],
        "collection": [
            {
                "href": "https:\/\/apkrks.net\/en\/wp-json\/wp\/v2\/pages"
            }
        ],
        "about": [
            {
                "href": "https:\/\/apkrks.net\/en\/wp-json\/wp\/v2\/types\/page"
            }
        ],
        "author": [
            {
                "embeddable": true,
                "href": "https:\/\/apkrks.net\/en\/wp-json\/wp\/v2\/users\/1"
            }
        ],
        "replies": [
            {
                "embeddable": true,
                "href": "https:\/\/apkrks.net\/en\/wp-json\/wp\/v2\/comments?post=38"
            }
        ],
        "version-history": [
            {
                "count": 19,
                "href": "https:\/\/apkrks.net\/en\/wp-json\/wp\/v2\/pages\/38\/revisions"
            }
        ],
        "predecessor-version": [
            {
                "id": 9642,
                "href": "https:\/\/apkrks.net\/en\/wp-json\/wp\/v2\/pages\/38\/revisions\/9642"
            }
        ],
        "wp:attachment": [
            {
                "href": "https:\/\/apkrks.net\/en\/wp-json\/wp\/v2\/media?parent=38"
            }
        ],
        "curies": [
            {
                "name": "wp",
                "href": "https:\/\/api.w.org\/{rel}",
                "templated": true
            }
        ]
    }
}