{
    "id": 10307,
    "date": "2025-07-14T08:08:07",
    "date_gmt": "2025-07-14T08:08:07",
    "guid": {
        "rendered": "https:\/\/apkrks.net\/?p=10307"
    },
    "modified": "2025-07-14T08:09:40",
    "modified_gmt": "2025-07-14T08:09:40",
    "slug": "vleresim-ne-terren-ne-kuader-te-planifikimit-te-inventarizimit-kombetar-te-pyjeve-mbpzhr",
    "status": "publish",
    "type": "post",
    "link": "https:\/\/apkrks.net\/en\/announcement\/vleresim-ne-terren-ne-kuader-te-planifikimit-te-inventarizimit-kombetar-te-pyjeve-mbpzhr",
    "title": {
        "rendered": "Vler\u00ebsim n\u00eb terren n\u00eb kuad\u00ebr t\u00eb planifikimit t\u00eb Inventarizimit Komb\u00ebtar t\u00eb Pyjeve MBPZHR"
    },
    "content": {
        "rendered": "<p>Agjencia Pyjore e Kosov\u00ebs, ne kuad\u00ebr te programit \u201cMb\u00ebshtetje n\u00eb fuqizimin e menaxhimit t\u00eb q\u00ebndruesh\u00ebm dhe shum\u00ebq\u00ebllimor t\u00eb pyjeve p\u00ebr p\u00ebrmir\u00ebsimin e jetes\u00ebs n\u00eb zonat rurale dhe adresimin e ndryshimeve klimatike n\u00eb Kosov\u00eb\u201d qe po financohet nga Suedia dhe Komisioni Europian dhe q\u00eb po mb\u00ebshtetet n\u00eb zbatim nga FAO ka filluar nj\u00eb proces t\u00eb r\u00ebnd\u00ebsish\u00ebm komb\u00ebtar: Inventarizimin e Pyjeve dhe Tokave Pyjore n\u00eb Republik\u00ebn e Kosov\u00ebs.Ky projekt realizohet n\u00eb p\u00ebrputhje t\u00eb plot\u00eb me k\u00ebrkes\u00ebn dhe prioritetin e vet\u00eb Agjencis\u00eb Pyjore t\u00eb Kosov\u00ebs. Objektivi \u00ebsht\u00eb q\u00eb t\u00eb p\u00ebrfitojm\u00eb t\u00eb dh\u00ebna t\u00eb sakta, t\u00eb besueshme dhe t\u00eb p\u00ebrdit\u00ebsuara mbi gjendjen e pyjeve dhe tokave pyjore n\u00eb vend. Inventarizimi i fundit \u00ebsht\u00eb zhvilluar n\u00eb vitin 2012, dhe q\u00eb nga ajo koh\u00eb nuk ka pasur nj\u00eb proces t\u00eb till\u00eb gjith\u00ebp\u00ebrfshir\u00ebs. Ndryshimet n\u00eb p\u00ebrdorimin e tok\u00ebs, ndikimet klimatike dhe presionet e tjera mbi pyjet e b\u00ebjn\u00eb t\u00eb domosdosh\u00ebm k\u00ebt\u00eb angazhim t\u00eb ri. P\u00ebrgatitjet p\u00ebr pun\u00ebt n\u00eb terren tashm\u00eb kan\u00eb filluar. Ato p\u00ebrfshijn\u00eb: \u2022 hartimin e metodologjis\u00eb teknike sipas standardeve nd\u00ebrkomb\u00ebtare, \u2022 trajnimin e ekipeve profesionale p\u00ebr grumbullimin e t\u00eb dh\u00ebnave, \u2022 planifikimin dhe identifikimin e pikave apo mostrave n\u00eb gjith\u00eb territorin e Kosov\u00ebs. Ky inventarizim do t\u00eb sh\u00ebrbej\u00eb si baz\u00eb shkencore dhe administrative p\u00ebr politikat pyjore, menaxhimin e q\u00ebndruesh\u00ebm t\u00eb pyjeve, si dhe p\u00ebr raportimin komb\u00ebtar dhe nd\u00ebrkomb\u00ebtar n\u00eb kuad\u00ebr t\u00eb konventave klimatike dhe mjedisore. Agjencia Pyjore e Kosov\u00ebs mbetet e p\u00ebrkushtuar q\u00eb ky proces t\u00eb zhvillohet me transparenc\u00eb, profesionaliz\u00ebm dhe integritet t\u00eb plot\u00eb, n\u00eb sh\u00ebrbim t\u00eb mbrojtjes dhe zhvillimit t\u00eb resurseve pyjore t\u00eb vendit.<\/p>\n<p><a href=\"https:\/\/www.facebook.com\/profile.php?id=100064789090459\">https:\/\/www.facebook.com\/profile.php?id=100064789090459<\/a><\/p>\n<div id='gallery-1' class='gallery galleryid-10307 gallery-columns-3 gallery-size-medium'><figure class='gallery-item'>\n\t\t\t<div class='gallery-icon landscape'>\n\t\t\t\t<a href='https:\/\/apkrks.net\/en\/announcement\/vleresim-ne-terren-ne-kuader-te-planifikimit-te-inventarizimit-kombetar-te-pyjeve-mbpzhr\/attachment\/ac6011a8-129c-423b-b8c8-65f731d1cfdb'><img fetchpriority=\"high\" decoding=\"async\" width=\"300\" height=\"200\" src=\"https:\/\/apkrks.net\/wp-content\/uploads\/2025\/07\/ac6011a8-129c-423b-b8c8-65f731d1cfdb-300x200.jpg\" class=\"attachment-medium size-medium\" alt=\"\" srcset=\"https:\/\/apkrks.net\/wp-content\/uploads\/2025\/07\/ac6011a8-129c-423b-b8c8-65f731d1cfdb-300x200.jpg 300w, https:\/\/apkrks.net\/wp-content\/uploads\/2025\/07\/ac6011a8-129c-423b-b8c8-65f731d1cfdb-768x511.jpg 768w, https:\/\/apkrks.net\/wp-content\/uploads\/2025\/07\/ac6011a8-129c-423b-b8c8-65f731d1cfdb-18x12.jpg 18w, https:\/\/apkrks.net\/wp-content\/uploads\/2025\/07\/ac6011a8-129c-423b-b8c8-65f731d1cfdb.jpg 1024w\" sizes=\"(max-width: 300px) 100vw, 300px\" \/><\/a>\n\t\t\t<\/div><\/figure><figure class='gallery-item'>\n\t\t\t<div class='gallery-icon landscape'>\n\t\t\t\t<a href='https:\/\/apkrks.net\/en\/announcement\/vleresim-ne-terren-ne-kuader-te-planifikimit-te-inventarizimit-kombetar-te-pyjeve-mbpzhr\/attachment\/1fd8035f-a0a7-48ee-a6b9-4479e55b5fa8'><img decoding=\"async\" width=\"300\" height=\"200\" src=\"https:\/\/apkrks.net\/wp-content\/uploads\/2025\/07\/1fd8035f-a0a7-48ee-a6b9-4479e55b5fa8-300x200.jpg\" class=\"attachment-medium size-medium\" alt=\"\" srcset=\"https:\/\/apkrks.net\/wp-content\/uploads\/2025\/07\/1fd8035f-a0a7-48ee-a6b9-4479e55b5fa8-300x200.jpg 300w, https:\/\/apkrks.net\/wp-content\/uploads\/2025\/07\/1fd8035f-a0a7-48ee-a6b9-4479e55b5fa8-768x511.jpg 768w, https:\/\/apkrks.net\/wp-content\/uploads\/2025\/07\/1fd8035f-a0a7-48ee-a6b9-4479e55b5fa8-18x12.jpg 18w, https:\/\/apkrks.net\/wp-content\/uploads\/2025\/07\/1fd8035f-a0a7-48ee-a6b9-4479e55b5fa8.jpg 1024w\" sizes=\"(max-width: 300px) 100vw, 300px\" \/><\/a>\n\t\t\t<\/div><\/figure><figure class='gallery-item'>\n\t\t\t<div class='gallery-icon landscape'>\n\t\t\t\t<a href='https:\/\/apkrks.net\/en\/announcement\/vleresim-ne-terren-ne-kuader-te-planifikimit-te-inventarizimit-kombetar-te-pyjeve-mbpzhr\/attachment\/bb34ebdd-c55a-4d31-b5bb-2d306d2cf9c7'><img decoding=\"async\" width=\"300\" height=\"200\" src=\"https:\/\/apkrks.net\/wp-content\/uploads\/2025\/07\/bb34ebdd-c55a-4d31-b5bb-2d306d2cf9c7-300x200.jpg\" class=\"attachment-medium size-medium\" alt=\"\" srcset=\"https:\/\/apkrks.net\/wp-content\/uploads\/2025\/07\/bb34ebdd-c55a-4d31-b5bb-2d306d2cf9c7-300x200.jpg 300w, https:\/\/apkrks.net\/wp-content\/uploads\/2025\/07\/bb34ebdd-c55a-4d31-b5bb-2d306d2cf9c7-768x511.jpg 768w, https:\/\/apkrks.net\/wp-content\/uploads\/2025\/07\/bb34ebdd-c55a-4d31-b5bb-2d306d2cf9c7-18x12.jpg 18w, https:\/\/apkrks.net\/wp-content\/uploads\/2025\/07\/bb34ebdd-c55a-4d31-b5bb-2d306d2cf9c7.jpg 1024w\" sizes=\"(max-width: 300px) 100vw, 300px\" \/><\/a>\n\t\t\t<\/div><\/figure>\n\t\t<\/div>",
        "protected": false
    },
    "excerpt": {
        "rendered": "<p>Agjencia Pyjore e Kosov\u00ebs, ne kuad\u00ebr te programit \u201cMb\u00ebshtetje n\u00eb fuqizimin e menaxhimit t\u00eb q\u00ebndruesh\u00ebm dhe shum\u00ebq\u00ebllimor t\u00eb pyjeve p\u00ebr p\u00ebrmir\u00ebsimin e jetes\u00ebs n\u00eb zonat rurale dhe adresimin e ndryshimeve klimatike n\u00eb Kosov\u00eb\u201d qe po financohet nga Suedia dhe Komisioni Europian dhe q\u00eb po mb\u00ebshtetet n\u00eb zbatim nga FAO ka filluar nj\u00eb proces t\u00eb r\u00ebnd\u00ebsish\u00ebm [&hellip;]<\/p>",
        "protected": false
    },
    "author": 2,
    "featured_media": 10308,
    "comment_status": "closed",
    "ping_status": "open",
    "sticky": false,
    "template": "",
    "format": "standard",
    "meta": {
        "inline_featured_image": false,
        "ngg_post_thumbnail": 0,
        "footnotes": ""
    },
    "categories": [
        80,
        47,
        16,
        78,
        65,
        45
    ],
    "tags": [],
    "class_list": [
        "post-10307",
        "post",
        "type-post",
        "status-publish",
        "format-standard",
        "has-post-thumbnail",
        "hentry",
        "category-announcement",
        "category-ceremonies",
        "category-lifestyle",
        "category-news",
        "category-trainings",
        "category-visits"
    ],
    "yoast_head": "<!-- This site is optimized with the Yoast SEO plugin v25.5 - https:\/\/yoast.com\/wordpress\/plugins\/seo\/ -->\n<title>Vler\u00ebsim n\u00eb terren n\u00eb kuad\u00ebr t\u00eb planifikimit t\u00eb Inventarizimit Komb\u00ebtar t\u00eb Pyjeve MBPZHR<\/title>\n<meta name=\"robots\" content=\"index, follow, max-snippet:-1, max-image-preview:large, max-video-preview:-1\" \/>\n<link rel=\"canonical\" href=\"https:\/\/apkrks.net\/en\/announcement\/vleresim-ne-terren-ne-kuader-te-planifikimit-te-inventarizimit-kombetar-te-pyjeve-mbpzhr\/\" \/>\n<script type=\"application\/ld+json\" class=\"yoast-schema-graph\">{\"@context\":\"https:\/\/schema.org\",\"@graph\":[{\"@type\":\"Article\",\"@id\":\"https:\/\/apkrks.net\/announcement\/vleresim-ne-terren-ne-kuader-te-planifikimit-te-inventarizimit-kombetar-te-pyjeve-mbpzhr#article\",\"isPartOf\":{\"@id\":\"https:\/\/apkrks.net\/announcement\/vleresim-ne-terren-ne-kuader-te-planifikimit-te-inventarizimit-kombetar-te-pyjeve-mbpzhr\"},\"headline\":\"Vler\u00ebsim n\u00eb terren n\u00eb kuad\u00ebr t\u00eb planifikimit t\u00eb Inventarizimit Komb\u00ebtar t\u00eb Pyjeve MBPZHR\",\"datePublished\":\"2025-07-14T08:08:07+00:00\",\"dateModified\":\"2025-07-14T08:09:40+00:00\",\"mainEntityOfPage\":{\"@id\":\"https:\/\/apkrks.net\/announcement\/vleresim-ne-terren-ne-kuader-te-planifikimit-te-inventarizimit-kombetar-te-pyjeve-mbpzhr\"},\"wordCount\":330,\"publisher\":{\"@id\":\"https:\/\/apkrks.net\/sq\/#organization\"},\"image\":{\"@id\":\"https:\/\/apkrks.net\/announcement\/vleresim-ne-terren-ne-kuader-te-planifikimit-te-inventarizimit-kombetar-te-pyjeve-mbpzhr#primaryimage\"},\"thumbnailUrl\":\"https:\/\/apkrks.net\/wp-content\/uploads\/2025\/07\/a3a5d46b-9116-4cfa-952a-751c9329ffbe.jpg\",\"articleSection\":[\"announcement\",\"Ceremonies\",\"Lifestyle\",\"News\",\"Trainings\",\"Visits\"],\"inLanguage\":\"en-US\"},{\"@type\":\"WebPage\",\"@id\":\"https:\/\/apkrks.net\/announcement\/vleresim-ne-terren-ne-kuader-te-planifikimit-te-inventarizimit-kombetar-te-pyjeve-mbpzhr\",\"url\":\"https:\/\/apkrks.net\/announcement\/vleresim-ne-terren-ne-kuader-te-planifikimit-te-inventarizimit-kombetar-te-pyjeve-mbpzhr\",\"name\":\"Vler\u00ebsim n\u00eb terren n\u00eb kuad\u00ebr t\u00eb planifikimit t\u00eb Inventarizimit Komb\u00ebtar t\u00eb Pyjeve MBPZHR\",\"isPartOf\":{\"@id\":\"https:\/\/apkrks.net\/sq\/#website\"},\"primaryImageOfPage\":{\"@id\":\"https:\/\/apkrks.net\/announcement\/vleresim-ne-terren-ne-kuader-te-planifikimit-te-inventarizimit-kombetar-te-pyjeve-mbpzhr#primaryimage\"},\"image\":{\"@id\":\"https:\/\/apkrks.net\/announcement\/vleresim-ne-terren-ne-kuader-te-planifikimit-te-inventarizimit-kombetar-te-pyjeve-mbpzhr#primaryimage\"},\"thumbnailUrl\":\"https:\/\/apkrks.net\/wp-content\/uploads\/2025\/07\/a3a5d46b-9116-4cfa-952a-751c9329ffbe.jpg\",\"datePublished\":\"2025-07-14T08:08:07+00:00\",\"dateModified\":\"2025-07-14T08:09:40+00:00\",\"breadcrumb\":{\"@id\":\"https:\/\/apkrks.net\/announcement\/vleresim-ne-terren-ne-kuader-te-planifikimit-te-inventarizimit-kombetar-te-pyjeve-mbpzhr#breadcrumb\"},\"inLanguage\":\"en-US\",\"potentialAction\":[{\"@type\":\"ReadAction\",\"target\":[\"https:\/\/apkrks.net\/announcement\/vleresim-ne-terren-ne-kuader-te-planifikimit-te-inventarizimit-kombetar-te-pyjeve-mbpzhr\"]}]},{\"@type\":\"ImageObject\",\"inLanguage\":\"en-US\",\"@id\":\"https:\/\/apkrks.net\/announcement\/vleresim-ne-terren-ne-kuader-te-planifikimit-te-inventarizimit-kombetar-te-pyjeve-mbpzhr#primaryimage\",\"url\":\"https:\/\/apkrks.net\/wp-content\/uploads\/2025\/07\/a3a5d46b-9116-4cfa-952a-751c9329ffbe.jpg\",\"contentUrl\":\"https:\/\/apkrks.net\/wp-content\/uploads\/2025\/07\/a3a5d46b-9116-4cfa-952a-751c9329ffbe.jpg\",\"width\":1024,\"height\":681},{\"@type\":\"BreadcrumbList\",\"@id\":\"https:\/\/apkrks.net\/announcement\/vleresim-ne-terren-ne-kuader-te-planifikimit-te-inventarizimit-kombetar-te-pyjeve-mbpzhr#breadcrumb\",\"itemListElement\":[{\"@type\":\"ListItem\",\"position\":1,\"name\":\"Home\",\"item\":\"https:\/\/apkrks.net\/\"},{\"@type\":\"ListItem\",\"position\":2,\"name\":\"Vler\u00ebsim n\u00eb terren n\u00eb kuad\u00ebr t\u00eb planifikimit t\u00eb Inventarizimit Komb\u00ebtar t\u00eb Pyjeve MBPZHR\"}]},{\"@type\":\"WebSite\",\"@id\":\"https:\/\/apkrks.net\/sq\/#website\",\"url\":\"https:\/\/apkrks.net\/sq\/\",\"name\":\"Agjencia Pyjore e Kosov\u00ebs\",\"description\":\"\",\"publisher\":{\"@id\":\"https:\/\/apkrks.net\/sq\/#organization\"},\"alternateName\":\"Agjencioni Pyjor i Kosov\u00ebs\",\"potentialAction\":[{\"@type\":\"SearchAction\",\"target\":{\"@type\":\"EntryPoint\",\"urlTemplate\":\"https:\/\/apkrks.net\/sq\/?s={search_term_string}\"},\"query-input\":{\"@type\":\"PropertyValueSpecification\",\"valueRequired\":true,\"valueName\":\"search_term_string\"}}],\"inLanguage\":\"en-US\"},{\"@type\":\"Organization\",\"@id\":\"https:\/\/apkrks.net\/sq\/#organization\",\"name\":\"Agjencia Pyjore e Kosov\u00ebs\",\"alternateName\":\"Agjencioni Pyjor i Kosov\u00ebs\",\"url\":\"https:\/\/apkrks.net\/sq\/\",\"logo\":{\"@type\":\"ImageObject\",\"inLanguage\":\"en-US\",\"@id\":\"https:\/\/apkrks.net\/sq\/#\/schema\/logo\/image\/\",\"url\":\"https:\/\/apkrks.net\/wp-content\/uploads\/2024\/06\/Emblema_e_qeverise_se_kosoves.png\",\"contentUrl\":\"https:\/\/apkrks.net\/wp-content\/uploads\/2024\/06\/Emblema_e_qeverise_se_kosoves.png\",\"width\":217,\"height\":240,\"caption\":\"Agjencia Pyjore e Kosov\u00ebs\"},\"image\":{\"@id\":\"https:\/\/apkrks.net\/sq\/#\/schema\/logo\/image\/\"},\"sameAs\":[\"https:\/\/www.facebook.com\/profile.php?id=100064789090459\",\"https:\/\/www.youtube.com\/@AgjenciaPyjoreeKosoves\"]}]}<\/script>\n<!-- \/ Yoast SEO plugin. -->",
    "yoast_head_json": {
        "title": "Vler\u00ebsim n\u00eb terren n\u00eb kuad\u00ebr t\u00eb planifikimit t\u00eb Inventarizimit Komb\u00ebtar t\u00eb Pyjeve MBPZHR",
        "robots": {
            "index": "index",
            "follow": "follow",
            "max-snippet": "max-snippet:-1",
            "max-image-preview": "max-image-preview:large",
            "max-video-preview": "max-video-preview:-1"
        },
        "canonical": "https:\/\/apkrks.net\/en\/announcement\/vleresim-ne-terren-ne-kuader-te-planifikimit-te-inventarizimit-kombetar-te-pyjeve-mbpzhr\/",
        "schema": {
            "@context": "https:\/\/schema.org",
            "@graph": [
                {
                    "@type": "Article",
                    "@id": "https:\/\/apkrks.net\/announcement\/vleresim-ne-terren-ne-kuader-te-planifikimit-te-inventarizimit-kombetar-te-pyjeve-mbpzhr#article",
                    "isPartOf": {
                        "@id": "https:\/\/apkrks.net\/announcement\/vleresim-ne-terren-ne-kuader-te-planifikimit-te-inventarizimit-kombetar-te-pyjeve-mbpzhr"
                    },
                    "headline": "Vler\u00ebsim n\u00eb terren n\u00eb kuad\u00ebr t\u00eb planifikimit t\u00eb Inventarizimit Komb\u00ebtar t\u00eb Pyjeve MBPZHR",
                    "datePublished": "2025-07-14T08:08:07+00:00",
                    "dateModified": "2025-07-14T08:09:40+00:00",
                    "mainEntityOfPage": {
                        "@id": "https:\/\/apkrks.net\/announcement\/vleresim-ne-terren-ne-kuader-te-planifikimit-te-inventarizimit-kombetar-te-pyjeve-mbpzhr"
                    },
                    "wordCount": 330,
                    "publisher": {
                        "@id": "https:\/\/apkrks.net\/sq\/#organization"
                    },
                    "image": {
                        "@id": "https:\/\/apkrks.net\/announcement\/vleresim-ne-terren-ne-kuader-te-planifikimit-te-inventarizimit-kombetar-te-pyjeve-mbpzhr#primaryimage"
                    },
                    "thumbnailUrl": "https:\/\/apkrks.net\/wp-content\/uploads\/2025\/07\/a3a5d46b-9116-4cfa-952a-751c9329ffbe.jpg",
                    "articleSection": [
                        "announcement",
                        "Ceremonies",
                        "Lifestyle",
                        "News",
                        "Trainings",
                        "Visits"
                    ],
                    "inLanguage": "en-US"
                },
                {
                    "@type": "WebPage",
                    "@id": "https:\/\/apkrks.net\/announcement\/vleresim-ne-terren-ne-kuader-te-planifikimit-te-inventarizimit-kombetar-te-pyjeve-mbpzhr",
                    "url": "https:\/\/apkrks.net\/announcement\/vleresim-ne-terren-ne-kuader-te-planifikimit-te-inventarizimit-kombetar-te-pyjeve-mbpzhr",
                    "name": "Vler\u00ebsim n\u00eb terren n\u00eb kuad\u00ebr t\u00eb planifikimit t\u00eb Inventarizimit Komb\u00ebtar t\u00eb Pyjeve MBPZHR",
                    "isPartOf": {
                        "@id": "https:\/\/apkrks.net\/sq\/#website"
                    },
                    "primaryImageOfPage": {
                        "@id": "https:\/\/apkrks.net\/announcement\/vleresim-ne-terren-ne-kuader-te-planifikimit-te-inventarizimit-kombetar-te-pyjeve-mbpzhr#primaryimage"
                    },
                    "image": {
                        "@id": "https:\/\/apkrks.net\/announcement\/vleresim-ne-terren-ne-kuader-te-planifikimit-te-inventarizimit-kombetar-te-pyjeve-mbpzhr#primaryimage"
                    },
                    "thumbnailUrl": "https:\/\/apkrks.net\/wp-content\/uploads\/2025\/07\/a3a5d46b-9116-4cfa-952a-751c9329ffbe.jpg",
                    "datePublished": "2025-07-14T08:08:07+00:00",
                    "dateModified": "2025-07-14T08:09:40+00:00",
                    "breadcrumb": {
                        "@id": "https:\/\/apkrks.net\/announcement\/vleresim-ne-terren-ne-kuader-te-planifikimit-te-inventarizimit-kombetar-te-pyjeve-mbpzhr#breadcrumb"
                    },
                    "inLanguage": "en-US",
                    "potentialAction": [
                        {
                            "@type": "ReadAction",
                            "target": [
                                "https:\/\/apkrks.net\/announcement\/vleresim-ne-terren-ne-kuader-te-planifikimit-te-inventarizimit-kombetar-te-pyjeve-mbpzhr"
                            ]
                        }
                    ]
                },
                {
                    "@type": "ImageObject",
                    "inLanguage": "en-US",
                    "@id": "https:\/\/apkrks.net\/announcement\/vleresim-ne-terren-ne-kuader-te-planifikimit-te-inventarizimit-kombetar-te-pyjeve-mbpzhr#primaryimage",
                    "url": "https:\/\/apkrks.net\/wp-content\/uploads\/2025\/07\/a3a5d46b-9116-4cfa-952a-751c9329ffbe.jpg",
                    "contentUrl": "https:\/\/apkrks.net\/wp-content\/uploads\/2025\/07\/a3a5d46b-9116-4cfa-952a-751c9329ffbe.jpg",
                    "width": 1024,
                    "height": 681
                },
                {
                    "@type": "BreadcrumbList",
                    "@id": "https:\/\/apkrks.net\/announcement\/vleresim-ne-terren-ne-kuader-te-planifikimit-te-inventarizimit-kombetar-te-pyjeve-mbpzhr#breadcrumb",
                    "itemListElement": [
                        {
                            "@type": "ListItem",
                            "position": 1,
                            "name": "Home",
                            "item": "https:\/\/apkrks.net\/"
                        },
                        {
                            "@type": "ListItem",
                            "position": 2,
                            "name": "Vler\u00ebsim n\u00eb terren n\u00eb kuad\u00ebr t\u00eb planifikimit t\u00eb Inventarizimit Komb\u00ebtar t\u00eb Pyjeve MBPZHR"
                        }
                    ]
                },
                {
                    "@type": "WebSite",
                    "@id": "https:\/\/apkrks.net\/sq\/#website",
                    "url": "https:\/\/apkrks.net\/sq\/",
                    "name": "Agjencia Pyjore e Kosov\u00ebs",
                    "description": "",
                    "publisher": {
                        "@id": "https:\/\/apkrks.net\/sq\/#organization"
                    },
                    "alternateName": "Agjencioni Pyjor i Kosov\u00ebs",
                    "potentialAction": [
                        {
                            "@type": "SearchAction",
                            "target": {
                                "@type": "EntryPoint",
                                "urlTemplate": "https:\/\/apkrks.net\/sq\/?s={search_term_string}"
                            },
                            "query-input": {
                                "@type": "PropertyValueSpecification",
                                "valueRequired": true,
                                "valueName": "search_term_string"
                            }
                        }
                    ],
                    "inLanguage": "en-US"
                },
                {
                    "@type": "Organization",
                    "@id": "https:\/\/apkrks.net\/sq\/#organization",
                    "name": "Agjencia Pyjore e Kosov\u00ebs",
                    "alternateName": "Agjencioni Pyjor i Kosov\u00ebs",
                    "url": "https:\/\/apkrks.net\/sq\/",
                    "logo": {
                        "@type": "ImageObject",
                        "inLanguage": "en-US",
                        "@id": "https:\/\/apkrks.net\/sq\/#\/schema\/logo\/image\/",
                        "url": "https:\/\/apkrks.net\/wp-content\/uploads\/2024\/06\/Emblema_e_qeverise_se_kosoves.png",
                        "contentUrl": "https:\/\/apkrks.net\/wp-content\/uploads\/2024\/06\/Emblema_e_qeverise_se_kosoves.png",
                        "width": 217,
                        "height": 240,
                        "caption": "Agjencia Pyjore e Kosov\u00ebs"
                    },
                    "image": {
                        "@id": "https:\/\/apkrks.net\/sq\/#\/schema\/logo\/image\/"
                    },
                    "sameAs": [
                        "https:\/\/www.facebook.com\/profile.php?id=100064789090459",
                        "https:\/\/www.youtube.com\/@AgjenciaPyjoreeKosoves"
                    ]
                }
            ]
        }
    },
    "_links": {
        "self": [
            {
                "href": "https:\/\/apkrks.net\/en\/wp-json\/wp\/v2\/posts\/10307"
            }
        ],
        "collection": [
            {
                "href": "https:\/\/apkrks.net\/en\/wp-json\/wp\/v2\/posts"
            }
        ],
        "about": [
            {
                "href": "https:\/\/apkrks.net\/en\/wp-json\/wp\/v2\/types\/post"
            }
        ],
        "author": [
            {
                "embeddable": true,
                "href": "https:\/\/apkrks.net\/en\/wp-json\/wp\/v2\/users\/2"
            }
        ],
        "replies": [
            {
                "embeddable": true,
                "href": "https:\/\/apkrks.net\/en\/wp-json\/wp\/v2\/comments?post=10307"
            }
        ],
        "version-history": [
            {
                "count": 3,
                "href": "https:\/\/apkrks.net\/en\/wp-json\/wp\/v2\/posts\/10307\/revisions"
            }
        ],
        "predecessor-version": [
            {
                "id": 10314,
                "href": "https:\/\/apkrks.net\/en\/wp-json\/wp\/v2\/posts\/10307\/revisions\/10314"
            }
        ],
        "wp:featuredmedia": [
            {
                "embeddable": true,
                "href": "https:\/\/apkrks.net\/en\/wp-json\/wp\/v2\/media\/10308"
            }
        ],
        "wp:attachment": [
            {
                "href": "https:\/\/apkrks.net\/en\/wp-json\/wp\/v2\/media?parent=10307"
            }
        ],
        "wp:term": [
            {
                "taxonomy": "category",
                "embeddable": true,
                "href": "https:\/\/apkrks.net\/en\/wp-json\/wp\/v2\/categories?post=10307"
            },
            {
                "taxonomy": "post_tag",
                "embeddable": true,
                "href": "https:\/\/apkrks.net\/en\/wp-json\/wp\/v2\/tags?post=10307"
            }
        ],
        "curies": [
            {
                "name": "wp",
                "href": "https:\/\/api.w.org\/{rel}",
                "templated": true
            }
        ]
    }
}