{
    "id": 10343,
    "date": "2025-11-19T18:17:48",
    "date_gmt": "2025-11-19T18:17:48",
    "guid": {
        "rendered": "https:\/\/apkrks.net\/?p=10343"
    },
    "modified": "2025-11-20T12:24:10",
    "modified_gmt": "2025-11-20T12:24:10",
    "slug": "perurohet-qendra-per-ngritjen-e-kapaciteteve-ne-pylltari-me-mbeshtetjen-e-be-se-dhe-suedise",
    "status": "publish",
    "type": "post",
    "link": "https:\/\/apkrks.net\/en\/ceremonies\/perurohet-qendra-per-ngritjen-e-kapaciteteve-ne-pylltari-me-mbeshtetjen-e-be-se-dhe-suedise",
    "title": {
        "rendered": "P\u00ebrurohet Qendra p\u00ebr Ngritjen e Kapaciteteve n\u00eb Pylltari me mb\u00ebshtetjen e BE-s\u00eb dhe Suedis\u00eb"
    },
    "content": {
        "rendered": "<p><strong>Blinaj\u00eb, 19 N\u00ebntor 2025 \u2013<\/strong> Qendra p\u00ebr Ngritjen e Kapaciteteve n\u00eb Pylltari n\u00eb Blinaj\u00eb u p\u00ebrurua sot zyrtarisht, duke sh\u00ebnuar nj\u00eb hap t\u00eb r\u00ebnd\u00ebsish\u00ebm n\u00eb forcimin e sektorit t\u00eb pylltaris\u00eb n\u00eb Kosov\u00eb. Kjo qend\u00ebr do t\u00eb sh\u00ebrbej\u00eb si vend p\u00ebr ngritje t\u00eb kapaciteteve dhe rritje t\u00eb njohurive, duke ndihmuar n\u00eb zhvillimin e aft\u00ebsive teknike n\u00eb planifikimin dhe monitorimin e shfryt\u00ebzimit t\u00eb pyjeve, menaxhimin e integruar t\u00eb zjarreve pyjore, digjitalizimin e informacioneve dhe t\u00eb dh\u00ebnave pyjore, si dhe n\u00eb shum\u00eb tema t\u00eb tjera t\u00eb r\u00ebnd\u00ebsishme p\u00ebr menaxhimin e q\u00ebndruesh\u00ebm t\u00eb resurseve pyjore.<\/p>\n<p>Qendra \u00ebsht\u00eb rinovuar n\u00eb kuad\u00ebr t\u00eb programit &#8220;Mb\u00ebshtetje p\u00ebr fuqizimin e menaxhimit t\u00eb q\u00ebndruesh\u00ebm dhe shum\u00ebq\u00ebllimor t\u00eb pyjeve p\u00ebr t\u00eb p\u00ebrmir\u00ebsuar jetes\u00ebn n\u00eb vendet rurale dhe p\u00ebr t\u00eb adresuar ndryshimin klimatik n\u00eb Kosov\u00eb\u201d, i financuar nga Bashkimi Evropian dhe Ambasada e Suedis\u00eb n\u00eb Kosov\u00eb dhe zbatuar nga Organizata e Kombeve t\u00eb Bashkuara p\u00ebr Ushqim dhe Bujq\u00ebsi (FAO).<\/p>\n<p><img fetchpriority=\"high\" decoding=\"async\" class=\"alignnone wp-image-10392 size-full\" src=\"https:\/\/apkrks.net\/wp-content\/uploads\/2025\/11\/perurimi-i-qendres-se-trajnimeve-dhe-donacione-per-Agjencine-e-Pyjeve-foto-Ridvan-Slivova-51-scaled.jpg\" alt=\"\" width=\"2560\" height=\"1703\" srcset=\"https:\/\/apkrks.net\/wp-content\/uploads\/2025\/11\/perurimi-i-qendres-se-trajnimeve-dhe-donacione-per-Agjencine-e-Pyjeve-foto-Ridvan-Slivova-51-scaled.jpg 2560w, https:\/\/apkrks.net\/wp-content\/uploads\/2025\/11\/perurimi-i-qendres-se-trajnimeve-dhe-donacione-per-Agjencine-e-Pyjeve-foto-Ridvan-Slivova-51-300x200.jpg 300w, https:\/\/apkrks.net\/wp-content\/uploads\/2025\/11\/perurimi-i-qendres-se-trajnimeve-dhe-donacione-per-Agjencine-e-Pyjeve-foto-Ridvan-Slivova-51-1024x681.jpg 1024w, https:\/\/apkrks.net\/wp-content\/uploads\/2025\/11\/perurimi-i-qendres-se-trajnimeve-dhe-donacione-per-Agjencine-e-Pyjeve-foto-Ridvan-Slivova-51-768x511.jpg 768w, https:\/\/apkrks.net\/wp-content\/uploads\/2025\/11\/perurimi-i-qendres-se-trajnimeve-dhe-donacione-per-Agjencine-e-Pyjeve-foto-Ridvan-Slivova-51-1536x1022.jpg 1536w, https:\/\/apkrks.net\/wp-content\/uploads\/2025\/11\/perurimi-i-qendres-se-trajnimeve-dhe-donacione-per-Agjencine-e-Pyjeve-foto-Ridvan-Slivova-51-2048x1363.jpg 2048w, https:\/\/apkrks.net\/wp-content\/uploads\/2025\/11\/perurimi-i-qendres-se-trajnimeve-dhe-donacione-per-Agjencine-e-Pyjeve-foto-Ridvan-Slivova-51-18x12.jpg 18w\" sizes=\"(max-width: 2560px) 100vw, 2560px\" \/><\/p>\n<p>Gjat\u00eb ceremonis\u00eb, tet\u00eb automjete tereni dhe nj\u00eb kontingjent i dyt\u00eb i pajisjeve digjitale t\u00eb pun\u00ebs \u2013 p\u00ebrfshir\u00eb Geo Vertex, mat\u00ebs diametri, kompas si dhe mjete p\u00ebr parandalimin dhe shuarjen e zjarreve n\u00eb pyje \u2013 iu dor\u00ebzuan zyrtarisht Agjencis\u00eb s\u00eb Pyjeve t\u00eb Kosov\u00ebs (APK). K\u00ebto investime, t\u00eb financuara nga BE-ja dhe Ambasada e Suedis\u00eb, do t\u00eb fuqizojn\u00eb m\u00eb tej kapacitetet operative dhe teknike t\u00eb APK-s\u00eb, duke mund\u00ebsuar krijimin e kushteve m\u00eb t\u00eb favorshme dhe rritjen e efikasitetit n\u00eb p\u00ebrpjekjet p\u00ebr menaxhimin e q\u00ebndruesh\u00ebm t\u00eb pyjeve n\u00eb t\u00eb gjith\u00eb Kosov\u00ebn.<\/p>\n<p><img decoding=\"async\" class=\"alignnone wp-image-10348 size-full\" src=\"https:\/\/apkrks.net\/wp-content\/uploads\/2025\/11\/perurimi-i-qendres-se-trajnimeve-dhe-donacione-per-Agjencine-e-Pyjeve-foto-Ridvan-Slivova-5-scaled.jpg\" alt=\"\" width=\"2560\" height=\"1703\" srcset=\"https:\/\/apkrks.net\/wp-content\/uploads\/2025\/11\/perurimi-i-qendres-se-trajnimeve-dhe-donacione-per-Agjencine-e-Pyjeve-foto-Ridvan-Slivova-5-scaled.jpg 2560w, https:\/\/apkrks.net\/wp-content\/uploads\/2025\/11\/perurimi-i-qendres-se-trajnimeve-dhe-donacione-per-Agjencine-e-Pyjeve-foto-Ridvan-Slivova-5-300x200.jpg 300w, https:\/\/apkrks.net\/wp-content\/uploads\/2025\/11\/perurimi-i-qendres-se-trajnimeve-dhe-donacione-per-Agjencine-e-Pyjeve-foto-Ridvan-Slivova-5-1024x681.jpg 1024w, https:\/\/apkrks.net\/wp-content\/uploads\/2025\/11\/perurimi-i-qendres-se-trajnimeve-dhe-donacione-per-Agjencine-e-Pyjeve-foto-Ridvan-Slivova-5-768x511.jpg 768w, https:\/\/apkrks.net\/wp-content\/uploads\/2025\/11\/perurimi-i-qendres-se-trajnimeve-dhe-donacione-per-Agjencine-e-Pyjeve-foto-Ridvan-Slivova-5-1536x1022.jpg 1536w, https:\/\/apkrks.net\/wp-content\/uploads\/2025\/11\/perurimi-i-qendres-se-trajnimeve-dhe-donacione-per-Agjencine-e-Pyjeve-foto-Ridvan-Slivova-5-2048x1363.jpg 2048w, https:\/\/apkrks.net\/wp-content\/uploads\/2025\/11\/perurimi-i-qendres-se-trajnimeve-dhe-donacione-per-Agjencine-e-Pyjeve-foto-Ridvan-Slivova-5-18x12.jpg 18w\" sizes=\"(max-width: 2560px) 100vw, 2560px\" \/><\/p>\n<p>N\u00eb k\u00ebt\u00eb ceremoni mor\u00ebn pjes\u00eb zyrtar\u00eb nga Bashkimi Evropian n\u00eb Kosov\u00eb, Ambasada e Suedis\u00eb, Ministria e Bujq\u00ebsis\u00eb, Pylltaris\u00eb dhe Zhvillimit Rural (MBPZHR), Agjencia e Pyjeve t\u00eb Kosov\u00ebs, FAO, si dhe p\u00ebrfaq\u00ebsues t\u00eb mediave dhe t\u00eb ftuar special\u00eb.<\/p>\n<p>Lazar Raduloviq, zv. minist\u00ebr n\u00eb MBPZHR, shprehu mir\u00ebnjohjen ndaj donator\u00ebve dhe FAO-s\u00eb p\u00ebr k\u00ebt\u00eb donacion, duke riafirmuar p\u00ebrkushtimin e MBPZHR-s\u00eb p\u00ebr zhvillimin e m\u00ebtejsh\u00ebm t\u00eb sektorit t\u00eb pylltaris\u00eb.<br \/>\n&#8220;Dua t\u00eb riafirmoj se MBPZHR mbetet i p\u00ebrkushtuar ndaj zhvillimit t\u00eb sektorit t\u00eb pylltaris\u00eb, n\u00eb m\u00ebnyr\u00eb q\u00eb ajo q\u00eb po marrim sot t\u00eb na mb\u00ebshtes\u00eb n\u00eb shum\u00eb aspekte &#8211; ve\u00e7an\u00ebrisht p\u00ebr forcimin e kapaciteteve, p\u00ebr parandalimin dhe shuarjen e zjarreve dhe luftimin e shfryt\u00ebzimit t\u00eb paligjsh\u00ebm. Me k\u00ebto mjete, Agjencia e Pyjeve t\u00eb Kosov\u00ebs do t\u00eb jet\u00eb shum\u00eb m\u00eb efikase n\u00eb p\u00ebrmbushjen e detyrave profesionale dhe zbatimin e ligjit n\u00eb sektorin e pyjeve\u201d, tha Raduloviq.<\/p>\n<figure id=\"attachment_10440\" aria-describedby=\"caption-attachment-10440\" style=\"width: 1005px\" class=\"wp-caption aligncenter\"><img decoding=\"async\" class=\"wp-image-10440\" src=\"https:\/\/apkrks.net\/wp-content\/uploads\/2025\/11\/raduloviq.webp\" alt=\"\" width=\"1005\" height=\"669\" srcset=\"https:\/\/apkrks.net\/wp-content\/uploads\/2025\/11\/raduloviq.webp 600w, https:\/\/apkrks.net\/wp-content\/uploads\/2025\/11\/raduloviq-300x200.webp 300w, https:\/\/apkrks.net\/wp-content\/uploads\/2025\/11\/raduloviq-18x12.webp 18w\" sizes=\"(max-width: 1005px) 100vw, 1005px\" \/><figcaption id=\"caption-attachment-10440\" class=\"wp-caption-text\">Lazar Raduloviq, zv. minist\u00ebr n\u00eb MBPZHR<\/figcaption><\/figure>\n<p>Hubert Perr, Shef i Bashk\u00ebpunimit n\u00eb Bashkimin Evropian n\u00eb Kosov\u00eb, deklaroi: &#8220;Pyjet jan\u00eb nj\u00eb nga pasurit\u00eb m\u00eb t\u00eb r\u00ebnd\u00ebsishme t\u00eb Kosov\u00ebs. Me k\u00ebt\u00eb Qend\u00ebr t\u00eb re dhe pajisjet q\u00eb po dor\u00ebzojm\u00eb sot, ne investojm\u00eb jo vet\u00ebm n\u00eb infrastruktur\u00eb, por edhe n\u00eb njer\u00ebzit q\u00eb mbrojn\u00eb k\u00ebto peizazhe p\u00ebr brezat q\u00eb do t\u00eb vijn\u00eb.&#8221;<\/p>\n<figure id=\"attachment_10359\" aria-describedby=\"caption-attachment-10359\" style=\"width: 2560px\" class=\"wp-caption aligncenter\"><img loading=\"lazy\" decoding=\"async\" class=\"wp-image-10359 size-full\" src=\"https:\/\/apkrks.net\/wp-content\/uploads\/2025\/11\/perurimi-i-qendres-se-trajnimeve-dhe-donacione-per-Agjencine-e-Pyjeve-foto-Ridvan-Slivova-17-scaled.jpg\" alt=\"\" width=\"2560\" height=\"1703\" srcset=\"https:\/\/apkrks.net\/wp-content\/uploads\/2025\/11\/perurimi-i-qendres-se-trajnimeve-dhe-donacione-per-Agjencine-e-Pyjeve-foto-Ridvan-Slivova-17-scaled.jpg 2560w, https:\/\/apkrks.net\/wp-content\/uploads\/2025\/11\/perurimi-i-qendres-se-trajnimeve-dhe-donacione-per-Agjencine-e-Pyjeve-foto-Ridvan-Slivova-17-300x200.jpg 300w, https:\/\/apkrks.net\/wp-content\/uploads\/2025\/11\/perurimi-i-qendres-se-trajnimeve-dhe-donacione-per-Agjencine-e-Pyjeve-foto-Ridvan-Slivova-17-1024x681.jpg 1024w, https:\/\/apkrks.net\/wp-content\/uploads\/2025\/11\/perurimi-i-qendres-se-trajnimeve-dhe-donacione-per-Agjencine-e-Pyjeve-foto-Ridvan-Slivova-17-768x511.jpg 768w, https:\/\/apkrks.net\/wp-content\/uploads\/2025\/11\/perurimi-i-qendres-se-trajnimeve-dhe-donacione-per-Agjencine-e-Pyjeve-foto-Ridvan-Slivova-17-1536x1022.jpg 1536w, https:\/\/apkrks.net\/wp-content\/uploads\/2025\/11\/perurimi-i-qendres-se-trajnimeve-dhe-donacione-per-Agjencine-e-Pyjeve-foto-Ridvan-Slivova-17-2048x1363.jpg 2048w, https:\/\/apkrks.net\/wp-content\/uploads\/2025\/11\/perurimi-i-qendres-se-trajnimeve-dhe-donacione-per-Agjencine-e-Pyjeve-foto-Ridvan-Slivova-17-18x12.jpg 18w\" sizes=\"(max-width: 2560px) 100vw, 2560px\" \/><figcaption id=\"caption-attachment-10359\" class=\"wp-caption-text\">Hubert Perr, shef i bashk\u00ebpunimit nga Zyra e BE-s\u00eb n\u00eb Kosov\u00eb<\/figcaption><\/figure>\n<p>Henrik Riby, Z\u00ebvend\u00ebs Shef i Misionit \/ Shef i Bashk\u00ebpunimit p\u00ebr Zhvillim \u2013 Ambasada e Suedis\u00eb n\u00eb Prishtin\u00eb, theksoi: &#8220;Ligji i ri p\u00ebr pyjet dhe politikat e p\u00ebrdit\u00ebsuara jan\u00eb hapa t\u00eb r\u00ebnd\u00ebsish\u00ebm, por sfidat mbeten, duke p\u00ebrfshir\u00eb prerjen ilegale dhe zbatimin e kufizuar. S\u00eb bashku me BE-n\u00eb, kemi investuar 2.5 milion euro p\u00ebrmes programit t\u00eb FAO-s\u00eb p\u00ebr t\u00eb mb\u00ebshtetur reforma, trajnime, inventarizime pyjore dhe pajisje\u201d. Sipas tij, k\u00ebto burime krijojn\u00eb nj\u00eb baz\u00eb t\u00eb fort\u00eb p\u00ebr pyjet e Kosov\u00ebs, por k\u00ebrkohet m\u00eb shum\u00eb p\u00ebrkushtim politik, financim i q\u00ebndruesh\u00ebm dhe angazhim aktiv i shoq\u00ebris\u00eb civile.<\/p>\n<figure id=\"attachment_10367\" aria-describedby=\"caption-attachment-10367\" style=\"width: 2560px\" class=\"wp-caption alignnone\"><img loading=\"lazy\" decoding=\"async\" class=\"wp-image-10367 size-full\" src=\"https:\/\/apkrks.net\/wp-content\/uploads\/2025\/11\/perurimi-i-qendres-se-trajnimeve-dhe-donacione-per-Agjencine-e-Pyjeve-foto-Ridvan-Slivova-25-scaled.jpg\" alt=\"\" width=\"2560\" height=\"1703\" srcset=\"https:\/\/apkrks.net\/wp-content\/uploads\/2025\/11\/perurimi-i-qendres-se-trajnimeve-dhe-donacione-per-Agjencine-e-Pyjeve-foto-Ridvan-Slivova-25-scaled.jpg 2560w, https:\/\/apkrks.net\/wp-content\/uploads\/2025\/11\/perurimi-i-qendres-se-trajnimeve-dhe-donacione-per-Agjencine-e-Pyjeve-foto-Ridvan-Slivova-25-300x200.jpg 300w, https:\/\/apkrks.net\/wp-content\/uploads\/2025\/11\/perurimi-i-qendres-se-trajnimeve-dhe-donacione-per-Agjencine-e-Pyjeve-foto-Ridvan-Slivova-25-1024x681.jpg 1024w, https:\/\/apkrks.net\/wp-content\/uploads\/2025\/11\/perurimi-i-qendres-se-trajnimeve-dhe-donacione-per-Agjencine-e-Pyjeve-foto-Ridvan-Slivova-25-768x511.jpg 768w, https:\/\/apkrks.net\/wp-content\/uploads\/2025\/11\/perurimi-i-qendres-se-trajnimeve-dhe-donacione-per-Agjencine-e-Pyjeve-foto-Ridvan-Slivova-25-1536x1022.jpg 1536w, https:\/\/apkrks.net\/wp-content\/uploads\/2025\/11\/perurimi-i-qendres-se-trajnimeve-dhe-donacione-per-Agjencine-e-Pyjeve-foto-Ridvan-Slivova-25-2048x1363.jpg 2048w, https:\/\/apkrks.net\/wp-content\/uploads\/2025\/11\/perurimi-i-qendres-se-trajnimeve-dhe-donacione-per-Agjencine-e-Pyjeve-foto-Ridvan-Slivova-25-18x12.jpg 18w\" sizes=\"(max-width: 2560px) 100vw, 2560px\" \/><figcaption id=\"caption-attachment-10367\" class=\"wp-caption-text\">Henrik Riby, shef i bashk\u00ebpunimit p\u00ebr zhvillim n\u00eb Ambasad\u00ebn e Suedis\u00eb n\u00eb Kosov\u00eb<\/figcaption><\/figure>\n<p>Menderes Ibra, Drejtor i Departamentit p\u00ebr Menaxhim me Pyje n\u00eb APK, po ashtu shprehu fal\u00ebnderimin dhe mir\u00ebnjohjen p\u00ebr donator\u00ebt. \u201cP\u00ebrmes k\u00ebtij programi kemi pranuar pajisje t\u00eb lloj-llojshme dhe t\u00eb dobishme, t\u00eb cilat p\u00ebrmir\u00ebsojn\u00eb shkatht\u00ebsit\u00eb e stafit dhe rrisin efikasitetin gjat\u00eb pun\u00ebs n\u00eb terren. Agjencia \u00ebsht\u00eb organi ekzekutiv dhe ka p\u00ebrgjegj\u00ebsin\u00eb p\u00ebr mbrojtjen, ruajtjen dhe menaxhimin e pyjeve. Ngritja e kapaciteteve \u00ebsht\u00eb shum\u00eb e r\u00ebnd\u00ebsishme dhe prioritet n\u00eb pun\u00ebn ton\u00eb,\u201d tha Ibra.<\/p>\n<figure id=\"attachment_10373\" aria-describedby=\"caption-attachment-10373\" style=\"width: 2560px\" class=\"wp-caption alignnone\"><img loading=\"lazy\" decoding=\"async\" class=\"wp-image-10373 size-full\" src=\"https:\/\/apkrks.net\/wp-content\/uploads\/2025\/11\/perurimi-i-qendres-se-trajnimeve-dhe-donacione-per-Agjencine-e-Pyjeve-foto-Ridvan-Slivova-31-scaled.jpg\" alt=\"\" width=\"2560\" height=\"1703\" srcset=\"https:\/\/apkrks.net\/wp-content\/uploads\/2025\/11\/perurimi-i-qendres-se-trajnimeve-dhe-donacione-per-Agjencine-e-Pyjeve-foto-Ridvan-Slivova-31-scaled.jpg 2560w, https:\/\/apkrks.net\/wp-content\/uploads\/2025\/11\/perurimi-i-qendres-se-trajnimeve-dhe-donacione-per-Agjencine-e-Pyjeve-foto-Ridvan-Slivova-31-300x200.jpg 300w, https:\/\/apkrks.net\/wp-content\/uploads\/2025\/11\/perurimi-i-qendres-se-trajnimeve-dhe-donacione-per-Agjencine-e-Pyjeve-foto-Ridvan-Slivova-31-1024x681.jpg 1024w, https:\/\/apkrks.net\/wp-content\/uploads\/2025\/11\/perurimi-i-qendres-se-trajnimeve-dhe-donacione-per-Agjencine-e-Pyjeve-foto-Ridvan-Slivova-31-768x511.jpg 768w, https:\/\/apkrks.net\/wp-content\/uploads\/2025\/11\/perurimi-i-qendres-se-trajnimeve-dhe-donacione-per-Agjencine-e-Pyjeve-foto-Ridvan-Slivova-31-1536x1022.jpg 1536w, https:\/\/apkrks.net\/wp-content\/uploads\/2025\/11\/perurimi-i-qendres-se-trajnimeve-dhe-donacione-per-Agjencine-e-Pyjeve-foto-Ridvan-Slivova-31-2048x1363.jpg 2048w, https:\/\/apkrks.net\/wp-content\/uploads\/2025\/11\/perurimi-i-qendres-se-trajnimeve-dhe-donacione-per-Agjencine-e-Pyjeve-foto-Ridvan-Slivova-31-18x12.jpg 18w\" sizes=\"(max-width: 2560px) 100vw, 2560px\" \/><figcaption id=\"caption-attachment-10373\" class=\"wp-caption-text\">Drejtori i Departamentit p\u00ebr Menaxhimin e Pyjeve n\u00eb APK, Menderes Ibra<\/figcaption><\/figure>\n<p>Naser Krasniqi, Udh\u00ebheq\u00ebs vendor n\u00eb FAO, deklaroi se vlera totale e pajisjeve n\u00eb k\u00ebt\u00eb kontingjent \u00ebsht\u00eb rreth 300,000 euro, dhe se pjesa m\u00eb e madhe e financimit \u00ebsht\u00eb siguruar nga Bashkimi Evropian.<br \/>\n\u201cFAO ka organizuar trajnime me nj\u00ebsit\u00eb e Agjencis\u00eb s\u00eb Pyjeve t\u00eb Kosov\u00ebs dhe ka certifikuar trajner\u00ebt dhe udh\u00ebheq\u00ebsit p\u00ebr t\u00eb vazhduar sesionet e rregullta t\u00eb zhvillimit t\u00eb kapaciteteve mbi menaxhimin e integruar t\u00eb zjarreve n\u00eb pyje. Programi ka identifikuar gjithashtu disa vullnetar\u00eb n\u00eb komunitet, t\u00eb cil\u00ebt po trajnohen p\u00ebr t\u00eb mb\u00ebshtetur parandalimin dhe shuarjen e zjarreve dhe p\u00ebrdorimin e pajisjeve n\u00eb bashk\u00ebpunim me nj\u00ebsit\u00eb e APK-s\u00eb,\u201d tha Krasniqi.<\/p>\n<figure id=\"attachment_10376\" aria-describedby=\"caption-attachment-10376\" style=\"width: 2560px\" class=\"wp-caption alignnone\"><img loading=\"lazy\" decoding=\"async\" class=\"wp-image-10376 size-full\" src=\"https:\/\/apkrks.net\/wp-content\/uploads\/2025\/11\/perurimi-i-qendres-se-trajnimeve-dhe-donacione-per-Agjencine-e-Pyjeve-foto-Ridvan-Slivova-34-scaled.jpg\" alt=\"\" width=\"2560\" height=\"1703\" srcset=\"https:\/\/apkrks.net\/wp-content\/uploads\/2025\/11\/perurimi-i-qendres-se-trajnimeve-dhe-donacione-per-Agjencine-e-Pyjeve-foto-Ridvan-Slivova-34-scaled.jpg 2560w, https:\/\/apkrks.net\/wp-content\/uploads\/2025\/11\/perurimi-i-qendres-se-trajnimeve-dhe-donacione-per-Agjencine-e-Pyjeve-foto-Ridvan-Slivova-34-300x200.jpg 300w, https:\/\/apkrks.net\/wp-content\/uploads\/2025\/11\/perurimi-i-qendres-se-trajnimeve-dhe-donacione-per-Agjencine-e-Pyjeve-foto-Ridvan-Slivova-34-1024x681.jpg 1024w, https:\/\/apkrks.net\/wp-content\/uploads\/2025\/11\/perurimi-i-qendres-se-trajnimeve-dhe-donacione-per-Agjencine-e-Pyjeve-foto-Ridvan-Slivova-34-768x511.jpg 768w, https:\/\/apkrks.net\/wp-content\/uploads\/2025\/11\/perurimi-i-qendres-se-trajnimeve-dhe-donacione-per-Agjencine-e-Pyjeve-foto-Ridvan-Slivova-34-1536x1022.jpg 1536w, https:\/\/apkrks.net\/wp-content\/uploads\/2025\/11\/perurimi-i-qendres-se-trajnimeve-dhe-donacione-per-Agjencine-e-Pyjeve-foto-Ridvan-Slivova-34-2048x1363.jpg 2048w, https:\/\/apkrks.net\/wp-content\/uploads\/2025\/11\/perurimi-i-qendres-se-trajnimeve-dhe-donacione-per-Agjencine-e-Pyjeve-foto-Ridvan-Slivova-34-18x12.jpg 18w\" sizes=\"(max-width: 2560px) 100vw, 2560px\" \/><figcaption id=\"caption-attachment-10376\" class=\"wp-caption-text\">Naser Krasniqi, udh\u00ebheq\u00ebs i ekipit vendor t\u00eb programit t\u00eb pylltaris\u00eb nga FAO<\/figcaption><\/figure>\n<p>Qendra e Blinaj\u00ebs p\u00ebr Zhvillimin e Kapaciteteve do t\u00eb vazhdoj\u00eb t\u00eb sh\u00ebrbej\u00eb si platform\u00eb p\u00ebr trajnime, bashk\u00ebpunim dhe inovacion, duke mb\u00ebshtetur profesionist\u00ebt e pylltaris\u00eb dhe komunitetet lokale n\u00eb ruajtjen e pyjeve t\u00eb Kosov\u00ebs dhe promovimin e zhvillimit t\u00eb q\u00ebndruesh\u00ebm rural.<\/p>",
        "protected": false
    },
    "excerpt": {
        "rendered": "<p>Blinaj\u00eb, 19 N\u00ebntor 2025 \u2013 Qendra p\u00ebr Ngritjen e Kapaciteteve n\u00eb Pylltari n\u00eb Blinaj\u00eb u p\u00ebrurua sot zyrtarisht, duke sh\u00ebnuar nj\u00eb hap t\u00eb r\u00ebnd\u00ebsish\u00ebm n\u00eb forcimin e sektorit t\u00eb pylltaris\u00eb n\u00eb Kosov\u00eb. Kjo qend\u00ebr do t\u00eb sh\u00ebrbej\u00eb si vend p\u00ebr ngritje t\u00eb kapaciteteve dhe rritje t\u00eb njohurive, duke ndihmuar n\u00eb zhvillimin e aft\u00ebsive teknike n\u00eb [&hellip;]<\/p>",
        "protected": false
    },
    "author": 2,
    "featured_media": 10385,
    "comment_status": "closed",
    "ping_status": "open",
    "sticky": false,
    "template": "",
    "format": "standard",
    "meta": {
        "inline_featured_image": false,
        "ngg_post_thumbnail": 0,
        "footnotes": ""
    },
    "categories": [
        47,
        78
    ],
    "tags": [],
    "class_list": [
        "post-10343",
        "post",
        "type-post",
        "status-publish",
        "format-standard",
        "has-post-thumbnail",
        "hentry",
        "category-ceremonies",
        "category-news"
    ],
    "yoast_head": "<!-- This site is optimized with the Yoast SEO plugin v25.5 - https:\/\/yoast.com\/wordpress\/plugins\/seo\/ -->\n<title>P\u00ebrurohet Qendra p\u00ebr Ngritjen e Kapaciteteve n\u00eb Pylltari me mb\u00ebshtetjen e BE-s\u00eb dhe Suedis\u00eb<\/title>\n<meta name=\"robots\" content=\"index, follow, max-snippet:-1, max-image-preview:large, max-video-preview:-1\" \/>\n<link rel=\"canonical\" href=\"https:\/\/apkrks.net\/en\/ceremonies\/perurohet-qendra-per-ngritjen-e-kapaciteteve-ne-pylltari-me-mbeshtetjen-e-be-se-dhe-suedise\/\" \/>\n<script type=\"application\/ld+json\" class=\"yoast-schema-graph\">{\"@context\":\"https:\/\/schema.org\",\"@graph\":[{\"@type\":\"Article\",\"@id\":\"https:\/\/apkrks.net\/ceremonies\/perurohet-qendra-per-ngritjen-e-kapaciteteve-ne-pylltari-me-mbeshtetjen-e-be-se-dhe-suedise#article\",\"isPartOf\":{\"@id\":\"https:\/\/apkrks.net\/ceremonies\/perurohet-qendra-per-ngritjen-e-kapaciteteve-ne-pylltari-me-mbeshtetjen-e-be-se-dhe-suedise\"},\"headline\":\"P\u00ebrurohet Qendra p\u00ebr Ngritjen e Kapaciteteve n\u00eb Pylltari me mb\u00ebshtetjen e BE-s\u00eb dhe Suedis\u00eb\",\"datePublished\":\"2025-11-19T18:17:48+00:00\",\"dateModified\":\"2025-11-20T12:24:10+00:00\",\"mainEntityOfPage\":{\"@id\":\"https:\/\/apkrks.net\/ceremonies\/perurohet-qendra-per-ngritjen-e-kapaciteteve-ne-pylltari-me-mbeshtetjen-e-be-se-dhe-suedise\"},\"wordCount\":983,\"publisher\":{\"@id\":\"https:\/\/apkrks.net\/sq\/#organization\"},\"image\":{\"@id\":\"https:\/\/apkrks.net\/ceremonies\/perurohet-qendra-per-ngritjen-e-kapaciteteve-ne-pylltari-me-mbeshtetjen-e-be-se-dhe-suedise#primaryimage\"},\"thumbnailUrl\":\"https:\/\/apkrks.net\/wp-content\/uploads\/2025\/11\/perurimi-i-qendres-se-trajnimeve-dhe-donacione-per-Agjencine-e-Pyjeve-foto-Ridvan-Slivova-44-scaled.jpg\",\"articleSection\":[\"Ceremonies\",\"News\"],\"inLanguage\":\"en-US\"},{\"@type\":\"WebPage\",\"@id\":\"https:\/\/apkrks.net\/ceremonies\/perurohet-qendra-per-ngritjen-e-kapaciteteve-ne-pylltari-me-mbeshtetjen-e-be-se-dhe-suedise\",\"url\":\"https:\/\/apkrks.net\/ceremonies\/perurohet-qendra-per-ngritjen-e-kapaciteteve-ne-pylltari-me-mbeshtetjen-e-be-se-dhe-suedise\",\"name\":\"P\u00ebrurohet Qendra p\u00ebr Ngritjen e Kapaciteteve n\u00eb Pylltari me mb\u00ebshtetjen e BE-s\u00eb dhe Suedis\u00eb\",\"isPartOf\":{\"@id\":\"https:\/\/apkrks.net\/sq\/#website\"},\"primaryImageOfPage\":{\"@id\":\"https:\/\/apkrks.net\/ceremonies\/perurohet-qendra-per-ngritjen-e-kapaciteteve-ne-pylltari-me-mbeshtetjen-e-be-se-dhe-suedise#primaryimage\"},\"image\":{\"@id\":\"https:\/\/apkrks.net\/ceremonies\/perurohet-qendra-per-ngritjen-e-kapaciteteve-ne-pylltari-me-mbeshtetjen-e-be-se-dhe-suedise#primaryimage\"},\"thumbnailUrl\":\"https:\/\/apkrks.net\/wp-content\/uploads\/2025\/11\/perurimi-i-qendres-se-trajnimeve-dhe-donacione-per-Agjencine-e-Pyjeve-foto-Ridvan-Slivova-44-scaled.jpg\",\"datePublished\":\"2025-11-19T18:17:48+00:00\",\"dateModified\":\"2025-11-20T12:24:10+00:00\",\"breadcrumb\":{\"@id\":\"https:\/\/apkrks.net\/ceremonies\/perurohet-qendra-per-ngritjen-e-kapaciteteve-ne-pylltari-me-mbeshtetjen-e-be-se-dhe-suedise#breadcrumb\"},\"inLanguage\":\"en-US\",\"potentialAction\":[{\"@type\":\"ReadAction\",\"target\":[\"https:\/\/apkrks.net\/ceremonies\/perurohet-qendra-per-ngritjen-e-kapaciteteve-ne-pylltari-me-mbeshtetjen-e-be-se-dhe-suedise\"]}]},{\"@type\":\"ImageObject\",\"inLanguage\":\"en-US\",\"@id\":\"https:\/\/apkrks.net\/ceremonies\/perurohet-qendra-per-ngritjen-e-kapaciteteve-ne-pylltari-me-mbeshtetjen-e-be-se-dhe-suedise#primaryimage\",\"url\":\"https:\/\/apkrks.net\/wp-content\/uploads\/2025\/11\/perurimi-i-qendres-se-trajnimeve-dhe-donacione-per-Agjencine-e-Pyjeve-foto-Ridvan-Slivova-44-scaled.jpg\",\"contentUrl\":\"https:\/\/apkrks.net\/wp-content\/uploads\/2025\/11\/perurimi-i-qendres-se-trajnimeve-dhe-donacione-per-Agjencine-e-Pyjeve-foto-Ridvan-Slivova-44-scaled.jpg\",\"width\":2560,\"height\":1703},{\"@type\":\"BreadcrumbList\",\"@id\":\"https:\/\/apkrks.net\/ceremonies\/perurohet-qendra-per-ngritjen-e-kapaciteteve-ne-pylltari-me-mbeshtetjen-e-be-se-dhe-suedise#breadcrumb\",\"itemListElement\":[{\"@type\":\"ListItem\",\"position\":1,\"name\":\"Home\",\"item\":\"https:\/\/apkrks.net\/\"},{\"@type\":\"ListItem\",\"position\":2,\"name\":\"P\u00ebrurohet Qendra p\u00ebr Ngritjen e Kapaciteteve n\u00eb Pylltari me mb\u00ebshtetjen e BE-s\u00eb dhe Suedis\u00eb\"}]},{\"@type\":\"WebSite\",\"@id\":\"https:\/\/apkrks.net\/sq\/#website\",\"url\":\"https:\/\/apkrks.net\/sq\/\",\"name\":\"Agjencia Pyjore e Kosov\u00ebs\",\"description\":\"\",\"publisher\":{\"@id\":\"https:\/\/apkrks.net\/sq\/#organization\"},\"alternateName\":\"Agjencioni Pyjor i Kosov\u00ebs\",\"potentialAction\":[{\"@type\":\"SearchAction\",\"target\":{\"@type\":\"EntryPoint\",\"urlTemplate\":\"https:\/\/apkrks.net\/sq\/?s={search_term_string}\"},\"query-input\":{\"@type\":\"PropertyValueSpecification\",\"valueRequired\":true,\"valueName\":\"search_term_string\"}}],\"inLanguage\":\"en-US\"},{\"@type\":\"Organization\",\"@id\":\"https:\/\/apkrks.net\/sq\/#organization\",\"name\":\"Agjencia Pyjore e Kosov\u00ebs\",\"alternateName\":\"Agjencioni Pyjor i Kosov\u00ebs\",\"url\":\"https:\/\/apkrks.net\/sq\/\",\"logo\":{\"@type\":\"ImageObject\",\"inLanguage\":\"en-US\",\"@id\":\"https:\/\/apkrks.net\/sq\/#\/schema\/logo\/image\/\",\"url\":\"https:\/\/apkrks.net\/wp-content\/uploads\/2024\/06\/Emblema_e_qeverise_se_kosoves.png\",\"contentUrl\":\"https:\/\/apkrks.net\/wp-content\/uploads\/2024\/06\/Emblema_e_qeverise_se_kosoves.png\",\"width\":217,\"height\":240,\"caption\":\"Agjencia Pyjore e Kosov\u00ebs\"},\"image\":{\"@id\":\"https:\/\/apkrks.net\/sq\/#\/schema\/logo\/image\/\"},\"sameAs\":[\"https:\/\/www.facebook.com\/profile.php?id=100064789090459\",\"https:\/\/www.youtube.com\/@AgjenciaPyjoreeKosoves\"]}]}<\/script>\n<!-- \/ Yoast SEO plugin. -->",
    "yoast_head_json": {
        "title": "P\u00ebrurohet Qendra p\u00ebr Ngritjen e Kapaciteteve n\u00eb Pylltari me mb\u00ebshtetjen e BE-s\u00eb dhe Suedis\u00eb",
        "robots": {
            "index": "index",
            "follow": "follow",
            "max-snippet": "max-snippet:-1",
            "max-image-preview": "max-image-preview:large",
            "max-video-preview": "max-video-preview:-1"
        },
        "canonical": "https:\/\/apkrks.net\/en\/ceremonies\/perurohet-qendra-per-ngritjen-e-kapaciteteve-ne-pylltari-me-mbeshtetjen-e-be-se-dhe-suedise\/",
        "schema": {
            "@context": "https:\/\/schema.org",
            "@graph": [
                {
                    "@type": "Article",
                    "@id": "https:\/\/apkrks.net\/ceremonies\/perurohet-qendra-per-ngritjen-e-kapaciteteve-ne-pylltari-me-mbeshtetjen-e-be-se-dhe-suedise#article",
                    "isPartOf": {
                        "@id": "https:\/\/apkrks.net\/ceremonies\/perurohet-qendra-per-ngritjen-e-kapaciteteve-ne-pylltari-me-mbeshtetjen-e-be-se-dhe-suedise"
                    },
                    "headline": "P\u00ebrurohet Qendra p\u00ebr Ngritjen e Kapaciteteve n\u00eb Pylltari me mb\u00ebshtetjen e BE-s\u00eb dhe Suedis\u00eb",
                    "datePublished": "2025-11-19T18:17:48+00:00",
                    "dateModified": "2025-11-20T12:24:10+00:00",
                    "mainEntityOfPage": {
                        "@id": "https:\/\/apkrks.net\/ceremonies\/perurohet-qendra-per-ngritjen-e-kapaciteteve-ne-pylltari-me-mbeshtetjen-e-be-se-dhe-suedise"
                    },
                    "wordCount": 983,
                    "publisher": {
                        "@id": "https:\/\/apkrks.net\/sq\/#organization"
                    },
                    "image": {
                        "@id": "https:\/\/apkrks.net\/ceremonies\/perurohet-qendra-per-ngritjen-e-kapaciteteve-ne-pylltari-me-mbeshtetjen-e-be-se-dhe-suedise#primaryimage"
                    },
                    "thumbnailUrl": "https:\/\/apkrks.net\/wp-content\/uploads\/2025\/11\/perurimi-i-qendres-se-trajnimeve-dhe-donacione-per-Agjencine-e-Pyjeve-foto-Ridvan-Slivova-44-scaled.jpg",
                    "articleSection": [
                        "Ceremonies",
                        "News"
                    ],
                    "inLanguage": "en-US"
                },
                {
                    "@type": "WebPage",
                    "@id": "https:\/\/apkrks.net\/ceremonies\/perurohet-qendra-per-ngritjen-e-kapaciteteve-ne-pylltari-me-mbeshtetjen-e-be-se-dhe-suedise",
                    "url": "https:\/\/apkrks.net\/ceremonies\/perurohet-qendra-per-ngritjen-e-kapaciteteve-ne-pylltari-me-mbeshtetjen-e-be-se-dhe-suedise",
                    "name": "P\u00ebrurohet Qendra p\u00ebr Ngritjen e Kapaciteteve n\u00eb Pylltari me mb\u00ebshtetjen e BE-s\u00eb dhe Suedis\u00eb",
                    "isPartOf": {
                        "@id": "https:\/\/apkrks.net\/sq\/#website"
                    },
                    "primaryImageOfPage": {
                        "@id": "https:\/\/apkrks.net\/ceremonies\/perurohet-qendra-per-ngritjen-e-kapaciteteve-ne-pylltari-me-mbeshtetjen-e-be-se-dhe-suedise#primaryimage"
                    },
                    "image": {
                        "@id": "https:\/\/apkrks.net\/ceremonies\/perurohet-qendra-per-ngritjen-e-kapaciteteve-ne-pylltari-me-mbeshtetjen-e-be-se-dhe-suedise#primaryimage"
                    },
                    "thumbnailUrl": "https:\/\/apkrks.net\/wp-content\/uploads\/2025\/11\/perurimi-i-qendres-se-trajnimeve-dhe-donacione-per-Agjencine-e-Pyjeve-foto-Ridvan-Slivova-44-scaled.jpg",
                    "datePublished": "2025-11-19T18:17:48+00:00",
                    "dateModified": "2025-11-20T12:24:10+00:00",
                    "breadcrumb": {
                        "@id": "https:\/\/apkrks.net\/ceremonies\/perurohet-qendra-per-ngritjen-e-kapaciteteve-ne-pylltari-me-mbeshtetjen-e-be-se-dhe-suedise#breadcrumb"
                    },
                    "inLanguage": "en-US",
                    "potentialAction": [
                        {
                            "@type": "ReadAction",
                            "target": [
                                "https:\/\/apkrks.net\/ceremonies\/perurohet-qendra-per-ngritjen-e-kapaciteteve-ne-pylltari-me-mbeshtetjen-e-be-se-dhe-suedise"
                            ]
                        }
                    ]
                },
                {
                    "@type": "ImageObject",
                    "inLanguage": "en-US",
                    "@id": "https:\/\/apkrks.net\/ceremonies\/perurohet-qendra-per-ngritjen-e-kapaciteteve-ne-pylltari-me-mbeshtetjen-e-be-se-dhe-suedise#primaryimage",
                    "url": "https:\/\/apkrks.net\/wp-content\/uploads\/2025\/11\/perurimi-i-qendres-se-trajnimeve-dhe-donacione-per-Agjencine-e-Pyjeve-foto-Ridvan-Slivova-44-scaled.jpg",
                    "contentUrl": "https:\/\/apkrks.net\/wp-content\/uploads\/2025\/11\/perurimi-i-qendres-se-trajnimeve-dhe-donacione-per-Agjencine-e-Pyjeve-foto-Ridvan-Slivova-44-scaled.jpg",
                    "width": 2560,
                    "height": 1703
                },
                {
                    "@type": "BreadcrumbList",
                    "@id": "https:\/\/apkrks.net\/ceremonies\/perurohet-qendra-per-ngritjen-e-kapaciteteve-ne-pylltari-me-mbeshtetjen-e-be-se-dhe-suedise#breadcrumb",
                    "itemListElement": [
                        {
                            "@type": "ListItem",
                            "position": 1,
                            "name": "Home",
                            "item": "https:\/\/apkrks.net\/"
                        },
                        {
                            "@type": "ListItem",
                            "position": 2,
                            "name": "P\u00ebrurohet Qendra p\u00ebr Ngritjen e Kapaciteteve n\u00eb Pylltari me mb\u00ebshtetjen e BE-s\u00eb dhe Suedis\u00eb"
                        }
                    ]
                },
                {
                    "@type": "WebSite",
                    "@id": "https:\/\/apkrks.net\/sq\/#website",
                    "url": "https:\/\/apkrks.net\/sq\/",
                    "name": "Agjencia Pyjore e Kosov\u00ebs",
                    "description": "",
                    "publisher": {
                        "@id": "https:\/\/apkrks.net\/sq\/#organization"
                    },
                    "alternateName": "Agjencioni Pyjor i Kosov\u00ebs",
                    "potentialAction": [
                        {
                            "@type": "SearchAction",
                            "target": {
                                "@type": "EntryPoint",
                                "urlTemplate": "https:\/\/apkrks.net\/sq\/?s={search_term_string}"
                            },
                            "query-input": {
                                "@type": "PropertyValueSpecification",
                                "valueRequired": true,
                                "valueName": "search_term_string"
                            }
                        }
                    ],
                    "inLanguage": "en-US"
                },
                {
                    "@type": "Organization",
                    "@id": "https:\/\/apkrks.net\/sq\/#organization",
                    "name": "Agjencia Pyjore e Kosov\u00ebs",
                    "alternateName": "Agjencioni Pyjor i Kosov\u00ebs",
                    "url": "https:\/\/apkrks.net\/sq\/",
                    "logo": {
                        "@type": "ImageObject",
                        "inLanguage": "en-US",
                        "@id": "https:\/\/apkrks.net\/sq\/#\/schema\/logo\/image\/",
                        "url": "https:\/\/apkrks.net\/wp-content\/uploads\/2024\/06\/Emblema_e_qeverise_se_kosoves.png",
                        "contentUrl": "https:\/\/apkrks.net\/wp-content\/uploads\/2024\/06\/Emblema_e_qeverise_se_kosoves.png",
                        "width": 217,
                        "height": 240,
                        "caption": "Agjencia Pyjore e Kosov\u00ebs"
                    },
                    "image": {
                        "@id": "https:\/\/apkrks.net\/sq\/#\/schema\/logo\/image\/"
                    },
                    "sameAs": [
                        "https:\/\/www.facebook.com\/profile.php?id=100064789090459",
                        "https:\/\/www.youtube.com\/@AgjenciaPyjoreeKosoves"
                    ]
                }
            ]
        }
    },
    "_links": {
        "self": [
            {
                "href": "https:\/\/apkrks.net\/en\/wp-json\/wp\/v2\/posts\/10343"
            }
        ],
        "collection": [
            {
                "href": "https:\/\/apkrks.net\/en\/wp-json\/wp\/v2\/posts"
            }
        ],
        "about": [
            {
                "href": "https:\/\/apkrks.net\/en\/wp-json\/wp\/v2\/types\/post"
            }
        ],
        "author": [
            {
                "embeddable": true,
                "href": "https:\/\/apkrks.net\/en\/wp-json\/wp\/v2\/users\/2"
            }
        ],
        "replies": [
            {
                "embeddable": true,
                "href": "https:\/\/apkrks.net\/en\/wp-json\/wp\/v2\/comments?post=10343"
            }
        ],
        "version-history": [
            {
                "count": 5,
                "href": "https:\/\/apkrks.net\/en\/wp-json\/wp\/v2\/posts\/10343\/revisions"
            }
        ],
        "predecessor-version": [
            {
                "id": 10443,
                "href": "https:\/\/apkrks.net\/en\/wp-json\/wp\/v2\/posts\/10343\/revisions\/10443"
            }
        ],
        "wp:featuredmedia": [
            {
                "embeddable": true,
                "href": "https:\/\/apkrks.net\/en\/wp-json\/wp\/v2\/media\/10385"
            }
        ],
        "wp:attachment": [
            {
                "href": "https:\/\/apkrks.net\/en\/wp-json\/wp\/v2\/media?parent=10343"
            }
        ],
        "wp:term": [
            {
                "taxonomy": "category",
                "embeddable": true,
                "href": "https:\/\/apkrks.net\/en\/wp-json\/wp\/v2\/categories?post=10343"
            },
            {
                "taxonomy": "post_tag",
                "embeddable": true,
                "href": "https:\/\/apkrks.net\/en\/wp-json\/wp\/v2\/tags?post=10343"
            }
        ],
        "curies": [
            {
                "name": "wp",
                "href": "https:\/\/api.w.org\/{rel}",
                "templated": true
            }
        ]
    }
}