{
    "id": 10444,
    "date": "2025-11-27T15:06:39",
    "date_gmt": "2025-11-27T15:06:39",
    "guid": {
        "rendered": "https:\/\/apkrks.net\/?p=10444"
    },
    "modified": "2025-11-27T15:13:12",
    "modified_gmt": "2025-11-27T15:13:12",
    "slug": "mbahet-rishikimi-i-perbashket-vjetor-2025-per-sektorin-e-pylltarise-ne-kosove",
    "status": "publish",
    "type": "post",
    "link": "https:\/\/apkrks.net\/en\/news\/mbahet-rishikimi-i-perbashket-vjetor-2025-per-sektorin-e-pylltarise-ne-kosove",
    "title": {
        "rendered": "Mbahet &#8220;Rishikimi i P\u00ebrbashk\u00ebt Vjetor 2025&#8221; p\u00ebr Sektorin e Pylltaris\u00eb n\u00eb Kosov\u00eb"
    },
    "content": {
        "rendered": "<p>Ministria e Bujq\u00ebsis\u00eb, Pylltaris\u00eb dhe Zhvillimit Rural <strong>(MBPZhR)<\/strong>, n\u00eb bashk\u00ebpunim me programin e financuar nga Bashkimi Evropian dhe Suedia \u201c<em>Mb\u00ebshtetje p\u00ebr fuqizimin e menaxhimit t\u00eb q\u00ebndruesh\u00ebm dhe shum\u00ebq\u00ebllimor t\u00eb pyjeve p\u00ebr t\u00eb p\u00ebrmir\u00ebsuar jetes\u00ebn n\u00eb vendet rurale dhe p\u00ebr t\u00eb adresuar ndryshimet klimatike n\u00eb Kosov\u00eb\u201d<\/em>, t\u00eb zbatuar nga FAO, mbajti sot takimin nj\u00ebditor \u201cRishikimi i P\u00ebrbashk\u00ebt Vjetor\u201d p\u00ebr sektorin e pylltaris\u00eb n\u00eb Kosov\u00eb.<\/p>\n<p>Gjat\u00eb k\u00ebtij takimi, tashm\u00eb tradicional, u diskutua p\u00ebr vler\u00ebsimin e progresit vjetor t\u00eb sektorit t\u00eb pylltaris\u00eb, promovimin e transparenc\u00ebs dhe p\u00ebrcaktimin e orientimeve strategjike p\u00ebr periudh\u00ebn e ardhshme. Fillimisht u prezantua statusi i zbatimit t\u00eb Strategjis\u00eb p\u00ebr Zhvillimin e Pylltaris\u00eb 2022\u20132030 dhe Planit t\u00eb Veprimit p\u00ebr trevje\u00e7arin e kaluar, si dhe u adresuan sfidat kryesore n\u00eb drejtim t\u00eb menaxhimit t\u00eb q\u00ebndruesh\u00ebm t\u00eb pyjeve.<\/p>\n<p>Z\u00ebvend\u00ebsministri i MBPZhR-s\u00eb, Imri Demelezi, gjat\u00eb fjal\u00ebs s\u00eb tij, theksoi r\u00ebnd\u00ebsin\u00eb e takimeve t\u00eb tilla p\u00ebr krijimin e konsensusit mes partner\u00ebve dhe pal\u00ebve t\u00eb interesit n\u00eb p\u00ebrpjekje p\u00ebr t\u00eb ruajtur dhe shfryt\u00ebzuar pyjet n\u00eb m\u00ebnyr\u00eb t\u00eb q\u00ebndrueshme. Zv. Ministri fal\u00ebnderoi partner\u00ebt nd\u00ebrkomb\u00ebtar\u00eb p\u00ebr mb\u00ebshtetjen ndaj sektorit t\u00eb pylltaris\u00eb nd\u00ebr vite dhe tha q\u00eb:<br \/>\n\u201cNe si Qeveri jemi t\u00eb p\u00ebrkushtuar t\u00eb vendosim masat direkte dhe indirekte q\u00eb ndikojn\u00eb n\u00eb mbrojtjen e pyjeve. Si Qeveri i kemi kushtuar v\u00ebmendje zgjerimit t\u00eb sistemeve t\u00eb ngrohjes n\u00ebp\u00ebr komuna dhe vendbanime t\u00eb ndryshme, q\u00eb e ulin k\u00ebrkes\u00ebn p\u00ebr prerje ilegale t\u00eb pyjeve.\u201d<\/p>\n<figure id=\"attachment_10484\" aria-describedby=\"caption-attachment-10484\" style=\"width: 2560px\" class=\"wp-caption alignnone\"><img fetchpriority=\"high\" decoding=\"async\" class=\"wp-image-10484 size-full\" src=\"https:\/\/apkrks.net\/wp-content\/uploads\/2025\/11\/Shqyrtimi-i-perbashket-vjetor-i-sektorit-te-pylltarise-foto-Ridvan-Slivova-40-scaled.jpg\" alt=\"\" width=\"2560\" height=\"1703\" srcset=\"https:\/\/apkrks.net\/wp-content\/uploads\/2025\/11\/Shqyrtimi-i-perbashket-vjetor-i-sektorit-te-pylltarise-foto-Ridvan-Slivova-40-scaled.jpg 2560w, https:\/\/apkrks.net\/wp-content\/uploads\/2025\/11\/Shqyrtimi-i-perbashket-vjetor-i-sektorit-te-pylltarise-foto-Ridvan-Slivova-40-300x200.jpg 300w, https:\/\/apkrks.net\/wp-content\/uploads\/2025\/11\/Shqyrtimi-i-perbashket-vjetor-i-sektorit-te-pylltarise-foto-Ridvan-Slivova-40-1024x681.jpg 1024w, https:\/\/apkrks.net\/wp-content\/uploads\/2025\/11\/Shqyrtimi-i-perbashket-vjetor-i-sektorit-te-pylltarise-foto-Ridvan-Slivova-40-768x511.jpg 768w, https:\/\/apkrks.net\/wp-content\/uploads\/2025\/11\/Shqyrtimi-i-perbashket-vjetor-i-sektorit-te-pylltarise-foto-Ridvan-Slivova-40-1536x1022.jpg 1536w, https:\/\/apkrks.net\/wp-content\/uploads\/2025\/11\/Shqyrtimi-i-perbashket-vjetor-i-sektorit-te-pylltarise-foto-Ridvan-Slivova-40-2048x1363.jpg 2048w, https:\/\/apkrks.net\/wp-content\/uploads\/2025\/11\/Shqyrtimi-i-perbashket-vjetor-i-sektorit-te-pylltarise-foto-Ridvan-Slivova-40-18x12.jpg 18w\" sizes=\"(max-width: 2560px) 100vw, 2560px\" \/><figcaption id=\"caption-attachment-10484\" class=\"wp-caption-text\">Z\u00ebvend\u00ebsministri i MBPZhR-s\u00eb, Z. Imri Demelezi<\/figcaption><\/figure>\n<p>Tahir Ahmeti, drejtor i Departamentit t\u00eb Pylltaris\u00eb n\u00eb MBPZhR, potencoi r\u00ebnd\u00ebsin\u00eb e mbajtjes s\u00eb k\u00ebtyre takimeve q\u00eb theksojn\u00eb t\u00eb arriturat, identifikojn\u00eb sfidat dhe debatojn\u00eb p\u00ebr \u00e7\u00ebshtjet zhvillimore me pal\u00ebt e interesit dhe partner\u00ebt nd\u00ebrkomb\u00ebtar\u00eb.<\/p>\n<figure id=\"attachment_10455\" aria-describedby=\"caption-attachment-10455\" style=\"width: 2560px\" class=\"wp-caption alignnone\"><img decoding=\"async\" class=\"wp-image-10455 size-full\" src=\"https:\/\/apkrks.net\/wp-content\/uploads\/2025\/11\/Shqyrtimi-i-perbashket-vjetor-i-sektorit-te-pylltarise-foto-Ridvan-Slivova-11-scaled.jpg\" alt=\"\" width=\"2560\" height=\"1703\" srcset=\"https:\/\/apkrks.net\/wp-content\/uploads\/2025\/11\/Shqyrtimi-i-perbashket-vjetor-i-sektorit-te-pylltarise-foto-Ridvan-Slivova-11-scaled.jpg 2560w, https:\/\/apkrks.net\/wp-content\/uploads\/2025\/11\/Shqyrtimi-i-perbashket-vjetor-i-sektorit-te-pylltarise-foto-Ridvan-Slivova-11-300x200.jpg 300w, https:\/\/apkrks.net\/wp-content\/uploads\/2025\/11\/Shqyrtimi-i-perbashket-vjetor-i-sektorit-te-pylltarise-foto-Ridvan-Slivova-11-1024x681.jpg 1024w, https:\/\/apkrks.net\/wp-content\/uploads\/2025\/11\/Shqyrtimi-i-perbashket-vjetor-i-sektorit-te-pylltarise-foto-Ridvan-Slivova-11-768x511.jpg 768w, https:\/\/apkrks.net\/wp-content\/uploads\/2025\/11\/Shqyrtimi-i-perbashket-vjetor-i-sektorit-te-pylltarise-foto-Ridvan-Slivova-11-1536x1022.jpg 1536w, https:\/\/apkrks.net\/wp-content\/uploads\/2025\/11\/Shqyrtimi-i-perbashket-vjetor-i-sektorit-te-pylltarise-foto-Ridvan-Slivova-11-2048x1363.jpg 2048w, https:\/\/apkrks.net\/wp-content\/uploads\/2025\/11\/Shqyrtimi-i-perbashket-vjetor-i-sektorit-te-pylltarise-foto-Ridvan-Slivova-11-18x12.jpg 18w\" sizes=\"(max-width: 2560px) 100vw, 2560px\" \/><figcaption id=\"caption-attachment-10455\" class=\"wp-caption-text\">Z. Tahir Ahmeti, drejtor i Departamentit t\u00eb Pylltaris\u00eb n\u00eb MBPZhR<\/figcaption><\/figure>\n<p>\u201cViteve t\u00eb fundit, me mb\u00ebshtetje t\u00eb programit p\u00ebr menaxhim t\u00eb q\u00ebndruesh\u00ebm dhe shum\u00ebq\u00ebllimor t\u00eb pyjeve, kemi arritur t\u00eb kemi rezultate t\u00eb prekshme n\u00eb sektorin pyjor, sidomos n\u00eb hartimin e politikave, legjislacionit, por edhe me mb\u00ebshtetjen teknike dhe ngritjen e kapaciteteve t\u00eb sektorit implementues t\u00eb pylltaris\u00eb n\u00eb Kosov\u00eb.\u201d<\/p>\n<p>Menderes Ibra, drejtor i Departamentit p\u00ebr Menaxhimin e Pyjeve n\u00eb Agjencin\u00eb Pyjore t\u00eb Kosov\u00ebs, tha q\u00eb ky \u00ebsht\u00eb takimi i kat\u00ebrt i k\u00ebtij lloji q\u00eb mbahet n\u00eb kuad\u00ebr t\u00eb mb\u00ebshtetjes nga FAO dhe \u00ebsht\u00eb mund\u00ebsi ku diskutohet p\u00ebr t\u00eb arriturat, por edhe k\u00ebrkesat dhe sfidat.<\/p>\n<p>\u201cN\u00eb k\u00ebt\u00eb drejtim, n\u00eb em\u00ebr t\u00eb Agjencis\u00eb Pyjore t\u00eb Kosov\u00ebs si nj\u00ebri nga p\u00ebrfituesit kryesor\u00eb t\u00eb projektit t\u00eb financuar nga Suedia dhe Bashkimi Evropian, d\u00ebshiroj t\u00eb shpreh fal\u00ebnderimin dhe mir\u00ebnjohjen time t\u00eb thell\u00eb p\u00ebr donator\u00ebt, t\u00eb cil\u00ebt p\u00ebrmes k\u00ebtij projekti gjat\u00eb t\u00ebr\u00eb k\u00ebsaj periudhe i ofruan nj\u00eb ndihm\u00eb t\u00eb vlefshme sektorit t\u00eb pylltaris\u00eb, p\u00ebrfshir\u00eb t\u00eb gjitha komponent\u00ebt e planifikuara me programin apo konceptin fillestar t\u00eb projektit.\u201d<\/p>\n<figure id=\"attachment_10476\" aria-describedby=\"caption-attachment-10476\" style=\"width: 2560px\" class=\"wp-caption alignnone\"><img decoding=\"async\" class=\"wp-image-10476 size-full\" src=\"https:\/\/apkrks.net\/wp-content\/uploads\/2025\/11\/Shqyrtimi-i-perbashket-vjetor-i-sektorit-te-pylltarise-foto-Ridvan-Slivova-32-scaled.jpg\" alt=\"\" width=\"2560\" height=\"1703\" srcset=\"https:\/\/apkrks.net\/wp-content\/uploads\/2025\/11\/Shqyrtimi-i-perbashket-vjetor-i-sektorit-te-pylltarise-foto-Ridvan-Slivova-32-scaled.jpg 2560w, https:\/\/apkrks.net\/wp-content\/uploads\/2025\/11\/Shqyrtimi-i-perbashket-vjetor-i-sektorit-te-pylltarise-foto-Ridvan-Slivova-32-300x200.jpg 300w, https:\/\/apkrks.net\/wp-content\/uploads\/2025\/11\/Shqyrtimi-i-perbashket-vjetor-i-sektorit-te-pylltarise-foto-Ridvan-Slivova-32-1024x681.jpg 1024w, https:\/\/apkrks.net\/wp-content\/uploads\/2025\/11\/Shqyrtimi-i-perbashket-vjetor-i-sektorit-te-pylltarise-foto-Ridvan-Slivova-32-768x511.jpg 768w, https:\/\/apkrks.net\/wp-content\/uploads\/2025\/11\/Shqyrtimi-i-perbashket-vjetor-i-sektorit-te-pylltarise-foto-Ridvan-Slivova-32-1536x1022.jpg 1536w, https:\/\/apkrks.net\/wp-content\/uploads\/2025\/11\/Shqyrtimi-i-perbashket-vjetor-i-sektorit-te-pylltarise-foto-Ridvan-Slivova-32-2048x1363.jpg 2048w, https:\/\/apkrks.net\/wp-content\/uploads\/2025\/11\/Shqyrtimi-i-perbashket-vjetor-i-sektorit-te-pylltarise-foto-Ridvan-Slivova-32-18x12.jpg 18w\" sizes=\"(max-width: 2560px) 100vw, 2560px\" \/><figcaption id=\"caption-attachment-10476\" class=\"wp-caption-text\">Z. Menderes Ibra, drejtor i Departamentit p\u00ebr Menaxhimin e Pyjeve n\u00eb Agjencin\u00eb Pyjore t\u00eb Kosov\u00ebs<\/figcaption><\/figure>\n<p>Z. Vadim Stirbu, zyrtar i Programeve n\u00eb Zyr\u00ebn e BE-s\u00eb n\u00eb Kosov\u00eb, vler\u00ebsoi arritjet institucionale t\u00eb sektorit. \u201cAjo \u00e7far\u00eb mbetet t\u00eb b\u00ebhet \u00ebsht\u00eb hartimi dhe p\u00ebrfundimi i legjislacionit sekondar. \u00cbsht\u00eb mir\u00eb q\u00eb e kemi Ligjin, por na duhet edhe legjislacioni sekondar n\u00eb m\u00ebnyr\u00eb q\u00eb ligji t\u00eb zbatohet plot\u00ebsisht.\u201d<\/p>\n<figure id=\"attachment_10460\" aria-describedby=\"caption-attachment-10460\" style=\"width: 2560px\" class=\"wp-caption alignnone\"><img loading=\"lazy\" decoding=\"async\" class=\"wp-image-10460 size-full\" src=\"https:\/\/apkrks.net\/wp-content\/uploads\/2025\/11\/Shqyrtimi-i-perbashket-vjetor-i-sektorit-te-pylltarise-foto-Ridvan-Slivova-16-scaled.jpg\" alt=\"\" width=\"2560\" height=\"1703\" srcset=\"https:\/\/apkrks.net\/wp-content\/uploads\/2025\/11\/Shqyrtimi-i-perbashket-vjetor-i-sektorit-te-pylltarise-foto-Ridvan-Slivova-16-scaled.jpg 2560w, https:\/\/apkrks.net\/wp-content\/uploads\/2025\/11\/Shqyrtimi-i-perbashket-vjetor-i-sektorit-te-pylltarise-foto-Ridvan-Slivova-16-300x200.jpg 300w, https:\/\/apkrks.net\/wp-content\/uploads\/2025\/11\/Shqyrtimi-i-perbashket-vjetor-i-sektorit-te-pylltarise-foto-Ridvan-Slivova-16-1024x681.jpg 1024w, https:\/\/apkrks.net\/wp-content\/uploads\/2025\/11\/Shqyrtimi-i-perbashket-vjetor-i-sektorit-te-pylltarise-foto-Ridvan-Slivova-16-768x511.jpg 768w, https:\/\/apkrks.net\/wp-content\/uploads\/2025\/11\/Shqyrtimi-i-perbashket-vjetor-i-sektorit-te-pylltarise-foto-Ridvan-Slivova-16-1536x1022.jpg 1536w, https:\/\/apkrks.net\/wp-content\/uploads\/2025\/11\/Shqyrtimi-i-perbashket-vjetor-i-sektorit-te-pylltarise-foto-Ridvan-Slivova-16-2048x1363.jpg 2048w, https:\/\/apkrks.net\/wp-content\/uploads\/2025\/11\/Shqyrtimi-i-perbashket-vjetor-i-sektorit-te-pylltarise-foto-Ridvan-Slivova-16-18x12.jpg 18w\" sizes=\"(max-width: 2560px) 100vw, 2560px\" \/><figcaption id=\"caption-attachment-10460\" class=\"wp-caption-text\">Z. Vadim Stirbu, zyrtar i Programeve n\u00eb Zyr\u00ebn e BE-s\u00eb n\u00eb Kosov\u00eb<\/figcaption><\/figure>\n<p>Fatos Mulla, menaxher i projekteve n\u00eb Ambasad\u00ebn e Suedis\u00eb, p\u00ebrmedi mb\u00ebshtetjen suedeze nd\u00ebr vite. \u201cInvestimet suedeze deri n\u00eb k\u00ebt\u00eb vit e tejkalojn\u00eb vler\u00ebn 20 milion\u00eb euro vet\u00ebm n\u00eb k\u00ebt\u00eb sektor n\u00eb Kosov\u00eb. Sot, sektori \u00ebsht\u00eb transformuar; ajo q\u00eb dikur ishte ndihm\u00eb emergjente \u00ebsht\u00eb shnd\u00ebrruar n\u00eb bashk\u00ebpunim afatgjat\u00eb p\u00ebr mbrojtjen e nj\u00eb prej pasurive strategjike m\u00eb t\u00eb r\u00ebnd\u00ebsishme t\u00eb vendit.\u201d<\/p>\n<figure id=\"attachment_10465\" aria-describedby=\"caption-attachment-10465\" style=\"width: 2560px\" class=\"wp-caption alignnone\"><img loading=\"lazy\" decoding=\"async\" class=\"wp-image-10465 size-full\" src=\"https:\/\/apkrks.net\/wp-content\/uploads\/2025\/11\/Shqyrtimi-i-perbashket-vjetor-i-sektorit-te-pylltarise-foto-Ridvan-Slivova-21-scaled.jpg\" alt=\"\" width=\"2560\" height=\"1703\" srcset=\"https:\/\/apkrks.net\/wp-content\/uploads\/2025\/11\/Shqyrtimi-i-perbashket-vjetor-i-sektorit-te-pylltarise-foto-Ridvan-Slivova-21-scaled.jpg 2560w, https:\/\/apkrks.net\/wp-content\/uploads\/2025\/11\/Shqyrtimi-i-perbashket-vjetor-i-sektorit-te-pylltarise-foto-Ridvan-Slivova-21-300x200.jpg 300w, https:\/\/apkrks.net\/wp-content\/uploads\/2025\/11\/Shqyrtimi-i-perbashket-vjetor-i-sektorit-te-pylltarise-foto-Ridvan-Slivova-21-1024x681.jpg 1024w, https:\/\/apkrks.net\/wp-content\/uploads\/2025\/11\/Shqyrtimi-i-perbashket-vjetor-i-sektorit-te-pylltarise-foto-Ridvan-Slivova-21-768x511.jpg 768w, https:\/\/apkrks.net\/wp-content\/uploads\/2025\/11\/Shqyrtimi-i-perbashket-vjetor-i-sektorit-te-pylltarise-foto-Ridvan-Slivova-21-1536x1022.jpg 1536w, https:\/\/apkrks.net\/wp-content\/uploads\/2025\/11\/Shqyrtimi-i-perbashket-vjetor-i-sektorit-te-pylltarise-foto-Ridvan-Slivova-21-2048x1363.jpg 2048w, https:\/\/apkrks.net\/wp-content\/uploads\/2025\/11\/Shqyrtimi-i-perbashket-vjetor-i-sektorit-te-pylltarise-foto-Ridvan-Slivova-21-18x12.jpg 18w\" sizes=\"(max-width: 2560px) 100vw, 2560px\" \/><figcaption id=\"caption-attachment-10465\" class=\"wp-caption-text\">Z. Fatos Mulla, menaxher i projekteve n\u00eb Ambasad\u00ebn e Suedis\u00eb<\/figcaption><\/figure>\n<p>Naser Krasniqi, udh\u00ebheq\u00ebs vendor i FAO-s n\u00eb Kosov\u00eb, n\u00ebnvizoi rezultatet e deritanishme t\u00eb programit.<\/p>\n<p>\u201c\u00cbsht\u00eb hera e kat\u00ebrt q\u00eb FAO po e mb\u00ebshtet mbajtjen e k\u00ebtyre takimeve n\u00eb bashk\u00ebpunim me Departamentin e Pylltaris\u00eb t\u00eb Ministris\u00eb. Gjat\u00eb k\u00ebtyre takimeve dhe zbatimit t\u00eb programit n\u00eb p\u00ebrgjith\u00ebsi jan\u00eb b\u00ebr\u00eb p\u00ebrpjekje t\u00eb shumta p\u00ebr t\u00eb stabilizuar, p\u00ebrmir\u00ebsuar dhe shfryt\u00ebzuar resurset pyjore n\u00eb m\u00ebnyr\u00eb t\u00eb q\u00ebndrueshme dhe t\u00eb drejt\u00eb p\u00ebr p\u00ebrfitim t\u00eb shoq\u00ebris\u00eb kosovare dhe p\u00ebr gjeneratat e ardhshme.\u201d<\/p>\n<figure id=\"attachment_10469\" aria-describedby=\"caption-attachment-10469\" style=\"width: 2560px\" class=\"wp-caption alignnone\"><img loading=\"lazy\" decoding=\"async\" class=\"wp-image-10469 size-full\" src=\"https:\/\/apkrks.net\/wp-content\/uploads\/2025\/11\/Shqyrtimi-i-perbashket-vjetor-i-sektorit-te-pylltarise-foto-Ridvan-Slivova-25-scaled.jpg\" alt=\"\" width=\"2560\" height=\"1703\" srcset=\"https:\/\/apkrks.net\/wp-content\/uploads\/2025\/11\/Shqyrtimi-i-perbashket-vjetor-i-sektorit-te-pylltarise-foto-Ridvan-Slivova-25-scaled.jpg 2560w, https:\/\/apkrks.net\/wp-content\/uploads\/2025\/11\/Shqyrtimi-i-perbashket-vjetor-i-sektorit-te-pylltarise-foto-Ridvan-Slivova-25-300x200.jpg 300w, https:\/\/apkrks.net\/wp-content\/uploads\/2025\/11\/Shqyrtimi-i-perbashket-vjetor-i-sektorit-te-pylltarise-foto-Ridvan-Slivova-25-1024x681.jpg 1024w, https:\/\/apkrks.net\/wp-content\/uploads\/2025\/11\/Shqyrtimi-i-perbashket-vjetor-i-sektorit-te-pylltarise-foto-Ridvan-Slivova-25-768x511.jpg 768w, https:\/\/apkrks.net\/wp-content\/uploads\/2025\/11\/Shqyrtimi-i-perbashket-vjetor-i-sektorit-te-pylltarise-foto-Ridvan-Slivova-25-1536x1022.jpg 1536w, https:\/\/apkrks.net\/wp-content\/uploads\/2025\/11\/Shqyrtimi-i-perbashket-vjetor-i-sektorit-te-pylltarise-foto-Ridvan-Slivova-25-2048x1363.jpg 2048w, https:\/\/apkrks.net\/wp-content\/uploads\/2025\/11\/Shqyrtimi-i-perbashket-vjetor-i-sektorit-te-pylltarise-foto-Ridvan-Slivova-25-18x12.jpg 18w\" sizes=\"(max-width: 2560px) 100vw, 2560px\" \/><figcaption id=\"caption-attachment-10469\" class=\"wp-caption-text\">Z. Naser Krasniqi, udh\u00ebheq\u00ebs vendor i FAO-s n\u00eb Kosov\u00eb<\/figcaption><\/figure>\n<p>Gjat\u00eb Rishikimit t\u00eb P\u00ebrbashk\u00ebt Vjetor u diskutuan edhe \u00e7\u00ebshtje q\u00eb lidhen me zbatimin e Ligjit p\u00ebr Pyjet, gjendjen aktuale t\u00eb sektorit dhe nevojat prioritare p\u00ebr p\u00ebrmir\u00ebsim, duke p\u00ebrcaktuar prioritetet p\u00ebr vitet e ardhshme bazuar n\u00eb t\u00eb dh\u00ebnat aktuale dhe standardet nd\u00ebrkomb\u00ebtare.<\/p>\n<p>N\u00eb aktivitet mor\u00ebn pjes\u00eb p\u00ebrfaq\u00ebsues nga institucionet qeveritare, Agjencia Pyjore e Kosov\u00ebs, Inspektorati i Pylltaris\u00eb, donator\u00eb nd\u00ebrkomb\u00ebtar\u00eb, sektori privat, shoq\u00ebria civile dhe pal\u00eb t\u00eb tjera t\u00eb interesit.<\/p>",
        "protected": false
    },
    "excerpt": {
        "rendered": "<p>Ministria e Bujq\u00ebsis\u00eb, Pylltaris\u00eb dhe Zhvillimit Rural (MBPZhR), n\u00eb bashk\u00ebpunim me programin e financuar nga Bashkimi Evropian dhe Suedia \u201cMb\u00ebshtetje p\u00ebr fuqizimin e menaxhimit t\u00eb q\u00ebndruesh\u00ebm dhe shum\u00ebq\u00ebllimor t\u00eb pyjeve p\u00ebr t\u00eb p\u00ebrmir\u00ebsuar jetes\u00ebn n\u00eb vendet rurale dhe p\u00ebr t\u00eb adresuar ndryshimet klimatike n\u00eb Kosov\u00eb\u201d, t\u00eb zbatuar nga FAO, mbajti sot takimin nj\u00ebditor \u201cRishikimi i [&hellip;]<\/p>",
        "protected": false
    },
    "author": 1,
    "featured_media": 10461,
    "comment_status": "closed",
    "ping_status": "open",
    "sticky": false,
    "template": "",
    "format": "standard",
    "meta": {
        "inline_featured_image": false,
        "ngg_post_thumbnail": 0,
        "footnotes": ""
    },
    "categories": [
        78
    ],
    "tags": [],
    "class_list": [
        "post-10444",
        "post",
        "type-post",
        "status-publish",
        "format-standard",
        "has-post-thumbnail",
        "hentry",
        "category-news"
    ],
    "yoast_head": "<!-- This site is optimized with the Yoast SEO plugin v25.5 - https:\/\/yoast.com\/wordpress\/plugins\/seo\/ -->\n<title>Mbahet &quot;Rishikimi i P\u00ebrbashk\u00ebt Vjetor 2025&quot; p\u00ebr Sektorin e Pylltaris\u00eb n\u00eb Kosov\u00eb<\/title>\n<meta name=\"robots\" content=\"index, follow, max-snippet:-1, max-image-preview:large, max-video-preview:-1\" \/>\n<link rel=\"canonical\" href=\"https:\/\/apkrks.net\/en\/news\/mbahet-rishikimi-i-perbashket-vjetor-2025-per-sektorin-e-pylltarise-ne-kosove\/\" \/>\n<script type=\"application\/ld+json\" class=\"yoast-schema-graph\">{\"@context\":\"https:\/\/schema.org\",\"@graph\":[{\"@type\":\"Article\",\"@id\":\"https:\/\/apkrks.net\/lajme\/mbahet-rishikimi-i-perbashket-vjetor-2025-per-sektorin-e-pylltarise-ne-kosove#article\",\"isPartOf\":{\"@id\":\"https:\/\/apkrks.net\/lajme\/mbahet-rishikimi-i-perbashket-vjetor-2025-per-sektorin-e-pylltarise-ne-kosove\"},\"headline\":\"Mbahet &#8220;Rishikimi i P\u00ebrbashk\u00ebt Vjetor 2025&#8221; p\u00ebr Sektorin e Pylltaris\u00eb n\u00eb Kosov\u00eb\",\"datePublished\":\"2025-11-27T15:06:39+00:00\",\"dateModified\":\"2025-11-27T15:13:12+00:00\",\"mainEntityOfPage\":{\"@id\":\"https:\/\/apkrks.net\/lajme\/mbahet-rishikimi-i-perbashket-vjetor-2025-per-sektorin-e-pylltarise-ne-kosove\"},\"wordCount\":944,\"publisher\":{\"@id\":\"https:\/\/apkrks.net\/sq\/#organization\"},\"image\":{\"@id\":\"https:\/\/apkrks.net\/lajme\/mbahet-rishikimi-i-perbashket-vjetor-2025-per-sektorin-e-pylltarise-ne-kosove#primaryimage\"},\"thumbnailUrl\":\"https:\/\/apkrks.net\/wp-content\/uploads\/2025\/11\/Shqyrtimi-i-perbashket-vjetor-i-sektorit-te-pylltarise-foto-Ridvan-Slivova-17-scaled.jpg\",\"articleSection\":[\"News\"],\"inLanguage\":\"en-US\"},{\"@type\":\"WebPage\",\"@id\":\"https:\/\/apkrks.net\/lajme\/mbahet-rishikimi-i-perbashket-vjetor-2025-per-sektorin-e-pylltarise-ne-kosove\",\"url\":\"https:\/\/apkrks.net\/lajme\/mbahet-rishikimi-i-perbashket-vjetor-2025-per-sektorin-e-pylltarise-ne-kosove\",\"name\":\"Mbahet \\\"Rishikimi i P\u00ebrbashk\u00ebt Vjetor 2025\\\" p\u00ebr Sektorin e Pylltaris\u00eb n\u00eb Kosov\u00eb\",\"isPartOf\":{\"@id\":\"https:\/\/apkrks.net\/sq\/#website\"},\"primaryImageOfPage\":{\"@id\":\"https:\/\/apkrks.net\/lajme\/mbahet-rishikimi-i-perbashket-vjetor-2025-per-sektorin-e-pylltarise-ne-kosove#primaryimage\"},\"image\":{\"@id\":\"https:\/\/apkrks.net\/lajme\/mbahet-rishikimi-i-perbashket-vjetor-2025-per-sektorin-e-pylltarise-ne-kosove#primaryimage\"},\"thumbnailUrl\":\"https:\/\/apkrks.net\/wp-content\/uploads\/2025\/11\/Shqyrtimi-i-perbashket-vjetor-i-sektorit-te-pylltarise-foto-Ridvan-Slivova-17-scaled.jpg\",\"datePublished\":\"2025-11-27T15:06:39+00:00\",\"dateModified\":\"2025-11-27T15:13:12+00:00\",\"breadcrumb\":{\"@id\":\"https:\/\/apkrks.net\/lajme\/mbahet-rishikimi-i-perbashket-vjetor-2025-per-sektorin-e-pylltarise-ne-kosove#breadcrumb\"},\"inLanguage\":\"en-US\",\"potentialAction\":[{\"@type\":\"ReadAction\",\"target\":[\"https:\/\/apkrks.net\/lajme\/mbahet-rishikimi-i-perbashket-vjetor-2025-per-sektorin-e-pylltarise-ne-kosove\"]}]},{\"@type\":\"ImageObject\",\"inLanguage\":\"en-US\",\"@id\":\"https:\/\/apkrks.net\/lajme\/mbahet-rishikimi-i-perbashket-vjetor-2025-per-sektorin-e-pylltarise-ne-kosove#primaryimage\",\"url\":\"https:\/\/apkrks.net\/wp-content\/uploads\/2025\/11\/Shqyrtimi-i-perbashket-vjetor-i-sektorit-te-pylltarise-foto-Ridvan-Slivova-17-scaled.jpg\",\"contentUrl\":\"https:\/\/apkrks.net\/wp-content\/uploads\/2025\/11\/Shqyrtimi-i-perbashket-vjetor-i-sektorit-te-pylltarise-foto-Ridvan-Slivova-17-scaled.jpg\",\"width\":2560,\"height\":1703},{\"@type\":\"BreadcrumbList\",\"@id\":\"https:\/\/apkrks.net\/lajme\/mbahet-rishikimi-i-perbashket-vjetor-2025-per-sektorin-e-pylltarise-ne-kosove#breadcrumb\",\"itemListElement\":[{\"@type\":\"ListItem\",\"position\":1,\"name\":\"Home\",\"item\":\"https:\/\/apkrks.net\/\"},{\"@type\":\"ListItem\",\"position\":2,\"name\":\"Mbahet &#8220;Rishikimi i P\u00ebrbashk\u00ebt Vjetor 2025&#8221; p\u00ebr Sektorin e Pylltaris\u00eb n\u00eb Kosov\u00eb\"}]},{\"@type\":\"WebSite\",\"@id\":\"https:\/\/apkrks.net\/sq\/#website\",\"url\":\"https:\/\/apkrks.net\/sq\/\",\"name\":\"Agjencia Pyjore e Kosov\u00ebs\",\"description\":\"\",\"publisher\":{\"@id\":\"https:\/\/apkrks.net\/sq\/#organization\"},\"alternateName\":\"Agjencioni Pyjor i Kosov\u00ebs\",\"potentialAction\":[{\"@type\":\"SearchAction\",\"target\":{\"@type\":\"EntryPoint\",\"urlTemplate\":\"https:\/\/apkrks.net\/sq\/?s={search_term_string}\"},\"query-input\":{\"@type\":\"PropertyValueSpecification\",\"valueRequired\":true,\"valueName\":\"search_term_string\"}}],\"inLanguage\":\"en-US\"},{\"@type\":\"Organization\",\"@id\":\"https:\/\/apkrks.net\/sq\/#organization\",\"name\":\"Agjencia Pyjore e Kosov\u00ebs\",\"alternateName\":\"Agjencioni Pyjor i Kosov\u00ebs\",\"url\":\"https:\/\/apkrks.net\/sq\/\",\"logo\":{\"@type\":\"ImageObject\",\"inLanguage\":\"en-US\",\"@id\":\"https:\/\/apkrks.net\/sq\/#\/schema\/logo\/image\/\",\"url\":\"https:\/\/apkrks.net\/wp-content\/uploads\/2024\/06\/Emblema_e_qeverise_se_kosoves.png\",\"contentUrl\":\"https:\/\/apkrks.net\/wp-content\/uploads\/2024\/06\/Emblema_e_qeverise_se_kosoves.png\",\"width\":217,\"height\":240,\"caption\":\"Agjencia Pyjore e Kosov\u00ebs\"},\"image\":{\"@id\":\"https:\/\/apkrks.net\/sq\/#\/schema\/logo\/image\/\"},\"sameAs\":[\"https:\/\/www.facebook.com\/profile.php?id=100064789090459\",\"https:\/\/www.youtube.com\/@AgjenciaPyjoreeKosoves\"]}]}<\/script>\n<!-- \/ Yoast SEO plugin. -->",
    "yoast_head_json": {
        "title": "Mbahet \"Rishikimi i P\u00ebrbashk\u00ebt Vjetor 2025\" p\u00ebr Sektorin e Pylltaris\u00eb n\u00eb Kosov\u00eb",
        "robots": {
            "index": "index",
            "follow": "follow",
            "max-snippet": "max-snippet:-1",
            "max-image-preview": "max-image-preview:large",
            "max-video-preview": "max-video-preview:-1"
        },
        "canonical": "https:\/\/apkrks.net\/en\/news\/mbahet-rishikimi-i-perbashket-vjetor-2025-per-sektorin-e-pylltarise-ne-kosove\/",
        "schema": {
            "@context": "https:\/\/schema.org",
            "@graph": [
                {
                    "@type": "Article",
                    "@id": "https:\/\/apkrks.net\/lajme\/mbahet-rishikimi-i-perbashket-vjetor-2025-per-sektorin-e-pylltarise-ne-kosove#article",
                    "isPartOf": {
                        "@id": "https:\/\/apkrks.net\/lajme\/mbahet-rishikimi-i-perbashket-vjetor-2025-per-sektorin-e-pylltarise-ne-kosove"
                    },
                    "headline": "Mbahet &#8220;Rishikimi i P\u00ebrbashk\u00ebt Vjetor 2025&#8221; p\u00ebr Sektorin e Pylltaris\u00eb n\u00eb Kosov\u00eb",
                    "datePublished": "2025-11-27T15:06:39+00:00",
                    "dateModified": "2025-11-27T15:13:12+00:00",
                    "mainEntityOfPage": {
                        "@id": "https:\/\/apkrks.net\/lajme\/mbahet-rishikimi-i-perbashket-vjetor-2025-per-sektorin-e-pylltarise-ne-kosove"
                    },
                    "wordCount": 944,
                    "publisher": {
                        "@id": "https:\/\/apkrks.net\/sq\/#organization"
                    },
                    "image": {
                        "@id": "https:\/\/apkrks.net\/lajme\/mbahet-rishikimi-i-perbashket-vjetor-2025-per-sektorin-e-pylltarise-ne-kosove#primaryimage"
                    },
                    "thumbnailUrl": "https:\/\/apkrks.net\/wp-content\/uploads\/2025\/11\/Shqyrtimi-i-perbashket-vjetor-i-sektorit-te-pylltarise-foto-Ridvan-Slivova-17-scaled.jpg",
                    "articleSection": [
                        "News"
                    ],
                    "inLanguage": "en-US"
                },
                {
                    "@type": "WebPage",
                    "@id": "https:\/\/apkrks.net\/lajme\/mbahet-rishikimi-i-perbashket-vjetor-2025-per-sektorin-e-pylltarise-ne-kosove",
                    "url": "https:\/\/apkrks.net\/lajme\/mbahet-rishikimi-i-perbashket-vjetor-2025-per-sektorin-e-pylltarise-ne-kosove",
                    "name": "Mbahet \"Rishikimi i P\u00ebrbashk\u00ebt Vjetor 2025\" p\u00ebr Sektorin e Pylltaris\u00eb n\u00eb Kosov\u00eb",
                    "isPartOf": {
                        "@id": "https:\/\/apkrks.net\/sq\/#website"
                    },
                    "primaryImageOfPage": {
                        "@id": "https:\/\/apkrks.net\/lajme\/mbahet-rishikimi-i-perbashket-vjetor-2025-per-sektorin-e-pylltarise-ne-kosove#primaryimage"
                    },
                    "image": {
                        "@id": "https:\/\/apkrks.net\/lajme\/mbahet-rishikimi-i-perbashket-vjetor-2025-per-sektorin-e-pylltarise-ne-kosove#primaryimage"
                    },
                    "thumbnailUrl": "https:\/\/apkrks.net\/wp-content\/uploads\/2025\/11\/Shqyrtimi-i-perbashket-vjetor-i-sektorit-te-pylltarise-foto-Ridvan-Slivova-17-scaled.jpg",
                    "datePublished": "2025-11-27T15:06:39+00:00",
                    "dateModified": "2025-11-27T15:13:12+00:00",
                    "breadcrumb": {
                        "@id": "https:\/\/apkrks.net\/lajme\/mbahet-rishikimi-i-perbashket-vjetor-2025-per-sektorin-e-pylltarise-ne-kosove#breadcrumb"
                    },
                    "inLanguage": "en-US",
                    "potentialAction": [
                        {
                            "@type": "ReadAction",
                            "target": [
                                "https:\/\/apkrks.net\/lajme\/mbahet-rishikimi-i-perbashket-vjetor-2025-per-sektorin-e-pylltarise-ne-kosove"
                            ]
                        }
                    ]
                },
                {
                    "@type": "ImageObject",
                    "inLanguage": "en-US",
                    "@id": "https:\/\/apkrks.net\/lajme\/mbahet-rishikimi-i-perbashket-vjetor-2025-per-sektorin-e-pylltarise-ne-kosove#primaryimage",
                    "url": "https:\/\/apkrks.net\/wp-content\/uploads\/2025\/11\/Shqyrtimi-i-perbashket-vjetor-i-sektorit-te-pylltarise-foto-Ridvan-Slivova-17-scaled.jpg",
                    "contentUrl": "https:\/\/apkrks.net\/wp-content\/uploads\/2025\/11\/Shqyrtimi-i-perbashket-vjetor-i-sektorit-te-pylltarise-foto-Ridvan-Slivova-17-scaled.jpg",
                    "width": 2560,
                    "height": 1703
                },
                {
                    "@type": "BreadcrumbList",
                    "@id": "https:\/\/apkrks.net\/lajme\/mbahet-rishikimi-i-perbashket-vjetor-2025-per-sektorin-e-pylltarise-ne-kosove#breadcrumb",
                    "itemListElement": [
                        {
                            "@type": "ListItem",
                            "position": 1,
                            "name": "Home",
                            "item": "https:\/\/apkrks.net\/"
                        },
                        {
                            "@type": "ListItem",
                            "position": 2,
                            "name": "Mbahet &#8220;Rishikimi i P\u00ebrbashk\u00ebt Vjetor 2025&#8221; p\u00ebr Sektorin e Pylltaris\u00eb n\u00eb Kosov\u00eb"
                        }
                    ]
                },
                {
                    "@type": "WebSite",
                    "@id": "https:\/\/apkrks.net\/sq\/#website",
                    "url": "https:\/\/apkrks.net\/sq\/",
                    "name": "Agjencia Pyjore e Kosov\u00ebs",
                    "description": "",
                    "publisher": {
                        "@id": "https:\/\/apkrks.net\/sq\/#organization"
                    },
                    "alternateName": "Agjencioni Pyjor i Kosov\u00ebs",
                    "potentialAction": [
                        {
                            "@type": "SearchAction",
                            "target": {
                                "@type": "EntryPoint",
                                "urlTemplate": "https:\/\/apkrks.net\/sq\/?s={search_term_string}"
                            },
                            "query-input": {
                                "@type": "PropertyValueSpecification",
                                "valueRequired": true,
                                "valueName": "search_term_string"
                            }
                        }
                    ],
                    "inLanguage": "en-US"
                },
                {
                    "@type": "Organization",
                    "@id": "https:\/\/apkrks.net\/sq\/#organization",
                    "name": "Agjencia Pyjore e Kosov\u00ebs",
                    "alternateName": "Agjencioni Pyjor i Kosov\u00ebs",
                    "url": "https:\/\/apkrks.net\/sq\/",
                    "logo": {
                        "@type": "ImageObject",
                        "inLanguage": "en-US",
                        "@id": "https:\/\/apkrks.net\/sq\/#\/schema\/logo\/image\/",
                        "url": "https:\/\/apkrks.net\/wp-content\/uploads\/2024\/06\/Emblema_e_qeverise_se_kosoves.png",
                        "contentUrl": "https:\/\/apkrks.net\/wp-content\/uploads\/2024\/06\/Emblema_e_qeverise_se_kosoves.png",
                        "width": 217,
                        "height": 240,
                        "caption": "Agjencia Pyjore e Kosov\u00ebs"
                    },
                    "image": {
                        "@id": "https:\/\/apkrks.net\/sq\/#\/schema\/logo\/image\/"
                    },
                    "sameAs": [
                        "https:\/\/www.facebook.com\/profile.php?id=100064789090459",
                        "https:\/\/www.youtube.com\/@AgjenciaPyjoreeKosoves"
                    ]
                }
            ]
        }
    },
    "_links": {
        "self": [
            {
                "href": "https:\/\/apkrks.net\/en\/wp-json\/wp\/v2\/posts\/10444"
            }
        ],
        "collection": [
            {
                "href": "https:\/\/apkrks.net\/en\/wp-json\/wp\/v2\/posts"
            }
        ],
        "about": [
            {
                "href": "https:\/\/apkrks.net\/en\/wp-json\/wp\/v2\/types\/post"
            }
        ],
        "author": [
            {
                "embeddable": true,
                "href": "https:\/\/apkrks.net\/en\/wp-json\/wp\/v2\/users\/1"
            }
        ],
        "replies": [
            {
                "embeddable": true,
                "href": "https:\/\/apkrks.net\/en\/wp-json\/wp\/v2\/comments?post=10444"
            }
        ],
        "version-history": [
            {
                "count": 3,
                "href": "https:\/\/apkrks.net\/en\/wp-json\/wp\/v2\/posts\/10444\/revisions"
            }
        ],
        "predecessor-version": [
            {
                "id": 10496,
                "href": "https:\/\/apkrks.net\/en\/wp-json\/wp\/v2\/posts\/10444\/revisions\/10496"
            }
        ],
        "wp:featuredmedia": [
            {
                "embeddable": true,
                "href": "https:\/\/apkrks.net\/en\/wp-json\/wp\/v2\/media\/10461"
            }
        ],
        "wp:attachment": [
            {
                "href": "https:\/\/apkrks.net\/en\/wp-json\/wp\/v2\/media?parent=10444"
            }
        ],
        "wp:term": [
            {
                "taxonomy": "category",
                "embeddable": true,
                "href": "https:\/\/apkrks.net\/en\/wp-json\/wp\/v2\/categories?post=10444"
            },
            {
                "taxonomy": "post_tag",
                "embeddable": true,
                "href": "https:\/\/apkrks.net\/en\/wp-json\/wp\/v2\/tags?post=10444"
            }
        ],
        "curies": [
            {
                "name": "wp",
                "href": "https:\/\/api.w.org\/{rel}",
                "templated": true
            }
        ]
    }
}