{
    "id": 10621,
    "date": "2025-12-10T14:46:22",
    "date_gmt": "2025-12-10T14:46:22",
    "guid": {
        "rendered": "https:\/\/apkrks.net\/?p=10621"
    },
    "modified": "2025-12-10T14:46:49",
    "modified_gmt": "2025-12-10T14:46:49",
    "slug": "hapet-kampi-pyjor-2025-me-synimin-ti-angazhoje-te-rinjte-ne-menaxhimin-e-qendrueshem-te-pyjeve",
    "status": "publish",
    "type": "post",
    "link": "https:\/\/apkrks.net\/en\/news\/hapet-kampi-pyjor-2025-me-synimin-ti-angazhoje-te-rinjte-ne-menaxhimin-e-qendrueshem-te-pyjeve",
    "title": {
        "rendered": "Hapet Kampi Pyjor 2025 me synimin t\u2019i angazhoj\u00eb t\u00eb rinjt\u00eb n\u00eb menaxhimin e q\u00ebndruesh\u00ebm t\u00eb pyjeve"
    },
    "content": {
        "rendered": "<p><strong>Blinaj\u00eb, 8 dhjetor 2025 \u2013<\/strong> Kampi Pyjor 2025 filloi sot, me synimin q\u00eb t\u2019i angazhoj\u00eb t\u00eb rinjt\u00eb n\u00eb m\u00ebsimin rreth njohjes s\u00eb vlerave dhe menaxhimit t\u00eb q\u00ebndruesh\u00ebm t\u00eb pyjeve, ruajtjes s\u00eb biodiversitetit dhe ndikimit t\u00eb tyre p\u00ebr Kosov\u00ebn. Kampi Pyjor sivjet po mbahet n\u00eb Blinaj\u00eb me nx\u00ebn\u00ebs t\u00eb shkollave t\u00eb mesme, m\u00ebsimdh\u00ebn\u00ebs dhe p\u00ebrfaq\u00ebsues nga Ministria e Bujq\u00ebsis\u00eb, Pylltaris\u00eb dhe Zhvillimit Rural (MBPZhR), Agjencia Pyjore e Kosov\u00ebs (APK), partner\u00eb vendor\u00eb dhe nd\u00ebrkomb\u00ebtar\u00eb, dhe njoh\u00ebs t\u00eb sektorit t\u00eb pylltaris\u00eb.<\/p>\n<p>Edhe k\u00ebt\u00eb vit, Kampi Pyjor u organizua n\u00eb kuad\u00ebr t\u00eb programit \u201cMb\u00ebshtetje p\u00ebr fuqizimin e menaxhimit t\u00eb q\u00ebndruesh\u00ebm dhe shum\u00ebq\u00ebllimor t\u00eb pyjeve p\u00ebr t\u00eb p\u00ebrmir\u00ebsuar jetes\u00ebn n\u00eb vendet rurale dhe p\u00ebr t\u00eb adresuar ndryshimin klimatik n\u00eb Kosov\u00eb\u201d, i financuar nga Bashkimi Evropian dhe Ambasada e Suedis\u00eb n\u00eb Kosov\u00eb, dhe i zbatuar nga Organizata e Kombeve t\u00eb Bashkuara p\u00ebr Ushqim dhe Bujq\u00ebsi \u2013 FAO.<\/p>\n<p>Gjat\u00eb ceremonis\u00eb hap\u00ebse, p\u00ebrfaq\u00ebsues t\u00eb institucioneve dhe partner\u00ebve nd\u00ebrkomb\u00ebtar\u00eb theksuan r\u00ebnd\u00ebsin\u00eb e aktiviteteve edukative dhe angazhimin e t\u00eb rinjve n\u00eb ruajtjen dhe menaxhimin e pyjeve.<\/p>\n<p>Fidan Dema, ushtrues detyre i kryeshefit t\u00eb Agjencis\u00eb Pyjore t\u00eb Kosov\u00ebs, tha: \u201cKampi Pyjor \u00ebsht\u00eb nj\u00eb kanal q\u00eb afron t\u00eb rinjt\u00eb me natyr\u00ebn, u tregon vlerat e ekosistemeve dhe i drejton p\u00ebr profesionet dhe mund\u00ebsit\u00eb q\u00eb ofrojn\u00eb pyjet, ekosistemin e biodiversiteti. P\u00ebr t\u00eb ruajtur dhe menaxhuar si duhet pyjet tona, Kosov\u00ebs i duhet dije, p\u00ebrgjegj\u00ebsi dhe t\u00eb rinj q\u00eb e shohin pyllin si potencial dhe jo vet\u00ebm si sip\u00ebrfaqe.\u201d Ai shtoi se APK mbetet e p\u00ebrkushtuar t\u00eb p\u00ebrkrah\u00eb nisma q\u00eb rrisin edukimin dhe nd\u00ebrgjegj\u00ebsimin e t\u00eb rinjve.<\/p>\n<p>Tahir Ahmeti, drejtor i Departamentit t\u00eb Pylltaris\u00eb n\u00eb MBPZhR, theksoi r\u00ebnd\u00ebsin\u00eb komb\u00ebtare t\u00eb pyjeve: \u201cP\u00ebrgjegj\u00ebsia jon\u00eb \u00ebsht\u00eb q\u00eb k\u00ebto resurse natyrore t\u2019ua l\u00ebm\u00eb brezave t\u00eb rinj n\u00eb gjendje t\u00eb mir\u00eb dhe me potenciale m\u00eb t\u00eb m\u00ebdha sesa i kemi pasur ne. Q\u00ebllimi i k\u00ebtij kampi \u00ebsht\u00eb t\u00eb ngrihet nd\u00ebrgjegjja dhe p\u00ebrgjegj\u00ebsia, t\u00eb sensibilizohen gjeneratat e reja se pyjet duhet t\u00eb ruhen, t\u00eb trajtohen mir\u00eb dhe t\u00eb shfryt\u00ebzohen n\u00eb m\u00ebnyr\u00eb t\u00eb q\u00ebndrueshme \u2013 sepse kjo \u00ebsht\u00eb e vetmja m\u00ebnyr\u00eb p\u00ebr t\u00eb garantuar menaxhimin e q\u00ebndruesh\u00ebm t\u00eb pyjeve.\u201d<\/p>\n<p>Vadim Stirbu nga Zyra e Bashkimit Evropian n\u00eb Kosov\u00eb theksoi: \u201cAjo q\u00eb e b\u00ebn edhe m\u00eb t\u00eb ve\u00e7ant\u00eb k\u00ebt\u00eb aktivitet \u00ebsht\u00eb se k\u00ebtu kemi dy nga resurset m\u00eb t\u00eb \u00e7muara t\u00eb Kosov\u00ebs: ju t\u00eb rinjt\u00eb, q\u00eb jeni e ardhmja e k\u00ebtij vendi, dhe pyjet, q\u00eb mbulojn\u00eb 45 p\u00ebr qind t\u00eb territorit \u2013 nj\u00eb vler\u00eb jasht\u00ebzakonisht e r\u00ebnd\u00ebsishme.\u201d<\/p>\n<p>Naser Krasniqi, udh\u00ebheq\u00ebs vendor i FAO-s, i inkurajoi nx\u00ebn\u00ebsit t\u00eb shohin veten si ambasador\u00eb t\u00eb pyjeve: \u201c\u00c7do hap q\u00eb b\u00ebni, \u00e7do pyll q\u00eb vizitoni dhe \u00e7do fidan q\u00eb mbillni \u00ebsht\u00eb investim p\u00ebr t\u00eb ardhmen tuaj dhe t\u00eb gjith\u00eb Kosov\u00ebs. E ardhmja e pyjeve \u00ebsht\u00eb n\u00eb duart e atyre q\u00eb sot m\u00ebsojn\u00eb, zbulojn\u00eb dhe \u00ebnd\u00ebrrojn\u00eb. Vet\u00ebm s\u00eb bashku \u2013 shkollat, komuniteti, institucionet dhe mbi t\u00eb gjitha ju, f\u00ebmij\u00ebt e Kosov\u00ebs \u2013 mund t\u00eb nd\u00ebrtojm\u00eb nj\u00eb t\u00eb ardhme ku pyjet rriten, lul\u00ebzojn\u00eb dhe mbrohen me dashuri dhe p\u00ebrgjegj\u00ebsi.\u201d<\/p>\n<p>Gjat\u00eb Kampit Pyjor 2025, nx\u00ebn\u00ebsit e dy shkollave t\u00eb mesme nga Prishtina dhe Lipjani eksploruan tema t\u00eb ndryshme lidhur me pyjet dhe biodiversitetin. Sesionet trajtuan tema p\u00ebr r\u00ebnd\u00ebsin\u00eb e vlerave pyjore, angazhimin e t\u00eb rinjve, biodiversitetin n\u00eb pyjet e Kosov\u00ebs dhe rolin e pyjeve n\u00eb adresimin e ndryshimeve klimatike.<\/p>\n<p>Ekspert\u00ebt e fush\u00ebs udh\u00ebhoq\u00ebn aktivitete interaktive n\u00eb terren, p\u00ebrmes t\u00eb cilave nx\u00ebn\u00ebsit u njoh\u00ebn me potencialet natyrore t\u00eb Blinaj\u00ebs, llojet e pyjeve dhe drunj\u00ebve q\u00eb gjenden aty, si dhe mund\u00ebsit\u00eb q\u00eb ofrohen nga profesioni i pylltaris\u00eb. Ata mor\u00ebn pjes\u00eb edhe n\u00eb aktivitete praktike, si sh\u00ebtitje n\u00eb pyll, v\u00ebzhgimin e faun\u00ebs s\u00eb eg\u00ebr, ushtrime kreative dhe diskutime mbi ndryshimet klimatike dhe ruajtjen e biodiversitetit.<\/p>\n<p>Kampi do t\u00eb p\u00ebrfundoj\u00eb nes\u00ebr me ceremonin\u00eb e ndarjes s\u00eb certifikatave p\u00ebr pjes\u00ebmarr\u00ebsit.<\/p>",
        "protected": false
    },
    "excerpt": {
        "rendered": "<p>Blinaj\u00eb, 8 dhjetor 2025 \u2013 Kampi Pyjor 2025 filloi sot, me synimin q\u00eb t\u2019i angazhoj\u00eb t\u00eb rinjt\u00eb n\u00eb m\u00ebsimin rreth njohjes s\u00eb vlerave dhe menaxhimit t\u00eb q\u00ebndruesh\u00ebm t\u00eb pyjeve, ruajtjes s\u00eb biodiversitetit dhe ndikimit t\u00eb tyre p\u00ebr Kosov\u00ebn. Kampi Pyjor sivjet po mbahet n\u00eb Blinaj\u00eb me nx\u00ebn\u00ebs t\u00eb shkollave t\u00eb mesme, m\u00ebsimdh\u00ebn\u00ebs dhe p\u00ebrfaq\u00ebsues nga [&hellip;]<\/p>",
        "protected": false
    },
    "author": 1,
    "featured_media": 10576,
    "comment_status": "closed",
    "ping_status": "open",
    "sticky": false,
    "template": "",
    "format": "standard",
    "meta": {
        "inline_featured_image": false,
        "ngg_post_thumbnail": 0,
        "footnotes": ""
    },
    "categories": [
        78
    ],
    "tags": [],
    "class_list": [
        "post-10621",
        "post",
        "type-post",
        "status-publish",
        "format-standard",
        "has-post-thumbnail",
        "hentry",
        "category-news"
    ],
    "yoast_head": "<!-- This site is optimized with the Yoast SEO plugin v25.5 - https:\/\/yoast.com\/wordpress\/plugins\/seo\/ -->\n<title>Hapet Kampi Pyjor 2025 me synimin t\u2019i angazhoj\u00eb t\u00eb rinjt\u00eb n\u00eb menaxhimin e q\u00ebndruesh\u00ebm t\u00eb pyjeve<\/title>\n<meta name=\"robots\" content=\"index, follow, max-snippet:-1, max-image-preview:large, max-video-preview:-1\" \/>\n<link rel=\"canonical\" href=\"https:\/\/apkrks.net\/en\/news\/hapet-kampi-pyjor-2025-me-synimin-ti-angazhoje-te-rinjte-ne-menaxhimin-e-qendrueshem-te-pyjeve\/\" \/>\n<script type=\"application\/ld+json\" class=\"yoast-schema-graph\">{\"@context\":\"https:\/\/schema.org\",\"@graph\":[{\"@type\":\"Article\",\"@id\":\"https:\/\/apkrks.net\/lajme\/hapet-kampi-pyjor-2025-me-synimin-ti-angazhoje-te-rinjte-ne-menaxhimin-e-qendrueshem-te-pyjeve#article\",\"isPartOf\":{\"@id\":\"https:\/\/apkrks.net\/lajme\/hapet-kampi-pyjor-2025-me-synimin-ti-angazhoje-te-rinjte-ne-menaxhimin-e-qendrueshem-te-pyjeve\"},\"headline\":\"Hapet Kampi Pyjor 2025 me synimin t\u2019i angazhoj\u00eb t\u00eb rinjt\u00eb n\u00eb menaxhimin e q\u00ebndruesh\u00ebm t\u00eb pyjeve\",\"datePublished\":\"2025-12-10T14:46:22+00:00\",\"dateModified\":\"2025-12-10T14:46:49+00:00\",\"mainEntityOfPage\":{\"@id\":\"https:\/\/apkrks.net\/lajme\/hapet-kampi-pyjor-2025-me-synimin-ti-angazhoje-te-rinjte-ne-menaxhimin-e-qendrueshem-te-pyjeve\"},\"wordCount\":744,\"publisher\":{\"@id\":\"https:\/\/apkrks.net\/sq\/#organization\"},\"image\":{\"@id\":\"https:\/\/apkrks.net\/lajme\/hapet-kampi-pyjor-2025-me-synimin-ti-angazhoje-te-rinjte-ne-menaxhimin-e-qendrueshem-te-pyjeve#primaryimage\"},\"thumbnailUrl\":\"https:\/\/apkrks.net\/wp-content\/uploads\/2025\/12\/Kampi-Pyjor-i-Kosoves-foto-Ridvan-Slivova-5-scaled.jpg\",\"articleSection\":[\"News\"],\"inLanguage\":\"en-US\"},{\"@type\":\"WebPage\",\"@id\":\"https:\/\/apkrks.net\/lajme\/hapet-kampi-pyjor-2025-me-synimin-ti-angazhoje-te-rinjte-ne-menaxhimin-e-qendrueshem-te-pyjeve\",\"url\":\"https:\/\/apkrks.net\/lajme\/hapet-kampi-pyjor-2025-me-synimin-ti-angazhoje-te-rinjte-ne-menaxhimin-e-qendrueshem-te-pyjeve\",\"name\":\"Hapet Kampi Pyjor 2025 me synimin t\u2019i angazhoj\u00eb t\u00eb rinjt\u00eb n\u00eb menaxhimin e q\u00ebndruesh\u00ebm t\u00eb pyjeve\",\"isPartOf\":{\"@id\":\"https:\/\/apkrks.net\/sq\/#website\"},\"primaryImageOfPage\":{\"@id\":\"https:\/\/apkrks.net\/lajme\/hapet-kampi-pyjor-2025-me-synimin-ti-angazhoje-te-rinjte-ne-menaxhimin-e-qendrueshem-te-pyjeve#primaryimage\"},\"image\":{\"@id\":\"https:\/\/apkrks.net\/lajme\/hapet-kampi-pyjor-2025-me-synimin-ti-angazhoje-te-rinjte-ne-menaxhimin-e-qendrueshem-te-pyjeve#primaryimage\"},\"thumbnailUrl\":\"https:\/\/apkrks.net\/wp-content\/uploads\/2025\/12\/Kampi-Pyjor-i-Kosoves-foto-Ridvan-Slivova-5-scaled.jpg\",\"datePublished\":\"2025-12-10T14:46:22+00:00\",\"dateModified\":\"2025-12-10T14:46:49+00:00\",\"breadcrumb\":{\"@id\":\"https:\/\/apkrks.net\/lajme\/hapet-kampi-pyjor-2025-me-synimin-ti-angazhoje-te-rinjte-ne-menaxhimin-e-qendrueshem-te-pyjeve#breadcrumb\"},\"inLanguage\":\"en-US\",\"potentialAction\":[{\"@type\":\"ReadAction\",\"target\":[\"https:\/\/apkrks.net\/lajme\/hapet-kampi-pyjor-2025-me-synimin-ti-angazhoje-te-rinjte-ne-menaxhimin-e-qendrueshem-te-pyjeve\"]}]},{\"@type\":\"ImageObject\",\"inLanguage\":\"en-US\",\"@id\":\"https:\/\/apkrks.net\/lajme\/hapet-kampi-pyjor-2025-me-synimin-ti-angazhoje-te-rinjte-ne-menaxhimin-e-qendrueshem-te-pyjeve#primaryimage\",\"url\":\"https:\/\/apkrks.net\/wp-content\/uploads\/2025\/12\/Kampi-Pyjor-i-Kosoves-foto-Ridvan-Slivova-5-scaled.jpg\",\"contentUrl\":\"https:\/\/apkrks.net\/wp-content\/uploads\/2025\/12\/Kampi-Pyjor-i-Kosoves-foto-Ridvan-Slivova-5-scaled.jpg\",\"width\":2560,\"height\":1703},{\"@type\":\"BreadcrumbList\",\"@id\":\"https:\/\/apkrks.net\/lajme\/hapet-kampi-pyjor-2025-me-synimin-ti-angazhoje-te-rinjte-ne-menaxhimin-e-qendrueshem-te-pyjeve#breadcrumb\",\"itemListElement\":[{\"@type\":\"ListItem\",\"position\":1,\"name\":\"Home\",\"item\":\"https:\/\/apkrks.net\/\"},{\"@type\":\"ListItem\",\"position\":2,\"name\":\"Hapet Kampi Pyjor 2025 me synimin t\u2019i angazhoj\u00eb t\u00eb rinjt\u00eb n\u00eb menaxhimin e q\u00ebndruesh\u00ebm t\u00eb pyjeve\"}]},{\"@type\":\"WebSite\",\"@id\":\"https:\/\/apkrks.net\/sq\/#website\",\"url\":\"https:\/\/apkrks.net\/sq\/\",\"name\":\"Agjencia Pyjore e Kosov\u00ebs\",\"description\":\"\",\"publisher\":{\"@id\":\"https:\/\/apkrks.net\/sq\/#organization\"},\"alternateName\":\"Agjencioni Pyjor i Kosov\u00ebs\",\"potentialAction\":[{\"@type\":\"SearchAction\",\"target\":{\"@type\":\"EntryPoint\",\"urlTemplate\":\"https:\/\/apkrks.net\/sq\/?s={search_term_string}\"},\"query-input\":{\"@type\":\"PropertyValueSpecification\",\"valueRequired\":true,\"valueName\":\"search_term_string\"}}],\"inLanguage\":\"en-US\"},{\"@type\":\"Organization\",\"@id\":\"https:\/\/apkrks.net\/sq\/#organization\",\"name\":\"Agjencia Pyjore e Kosov\u00ebs\",\"alternateName\":\"Agjencioni Pyjor i Kosov\u00ebs\",\"url\":\"https:\/\/apkrks.net\/sq\/\",\"logo\":{\"@type\":\"ImageObject\",\"inLanguage\":\"en-US\",\"@id\":\"https:\/\/apkrks.net\/sq\/#\/schema\/logo\/image\/\",\"url\":\"https:\/\/apkrks.net\/wp-content\/uploads\/2024\/06\/Emblema_e_qeverise_se_kosoves.png\",\"contentUrl\":\"https:\/\/apkrks.net\/wp-content\/uploads\/2024\/06\/Emblema_e_qeverise_se_kosoves.png\",\"width\":217,\"height\":240,\"caption\":\"Agjencia Pyjore e Kosov\u00ebs\"},\"image\":{\"@id\":\"https:\/\/apkrks.net\/sq\/#\/schema\/logo\/image\/\"},\"sameAs\":[\"https:\/\/www.facebook.com\/profile.php?id=100064789090459\",\"https:\/\/www.youtube.com\/@AgjenciaPyjoreeKosoves\"]}]}<\/script>\n<!-- \/ Yoast SEO plugin. -->",
    "yoast_head_json": {
        "title": "Hapet Kampi Pyjor 2025 me synimin t\u2019i angazhoj\u00eb t\u00eb rinjt\u00eb n\u00eb menaxhimin e q\u00ebndruesh\u00ebm t\u00eb pyjeve",
        "robots": {
            "index": "index",
            "follow": "follow",
            "max-snippet": "max-snippet:-1",
            "max-image-preview": "max-image-preview:large",
            "max-video-preview": "max-video-preview:-1"
        },
        "canonical": "https:\/\/apkrks.net\/en\/news\/hapet-kampi-pyjor-2025-me-synimin-ti-angazhoje-te-rinjte-ne-menaxhimin-e-qendrueshem-te-pyjeve\/",
        "schema": {
            "@context": "https:\/\/schema.org",
            "@graph": [
                {
                    "@type": "Article",
                    "@id": "https:\/\/apkrks.net\/lajme\/hapet-kampi-pyjor-2025-me-synimin-ti-angazhoje-te-rinjte-ne-menaxhimin-e-qendrueshem-te-pyjeve#article",
                    "isPartOf": {
                        "@id": "https:\/\/apkrks.net\/lajme\/hapet-kampi-pyjor-2025-me-synimin-ti-angazhoje-te-rinjte-ne-menaxhimin-e-qendrueshem-te-pyjeve"
                    },
                    "headline": "Hapet Kampi Pyjor 2025 me synimin t\u2019i angazhoj\u00eb t\u00eb rinjt\u00eb n\u00eb menaxhimin e q\u00ebndruesh\u00ebm t\u00eb pyjeve",
                    "datePublished": "2025-12-10T14:46:22+00:00",
                    "dateModified": "2025-12-10T14:46:49+00:00",
                    "mainEntityOfPage": {
                        "@id": "https:\/\/apkrks.net\/lajme\/hapet-kampi-pyjor-2025-me-synimin-ti-angazhoje-te-rinjte-ne-menaxhimin-e-qendrueshem-te-pyjeve"
                    },
                    "wordCount": 744,
                    "publisher": {
                        "@id": "https:\/\/apkrks.net\/sq\/#organization"
                    },
                    "image": {
                        "@id": "https:\/\/apkrks.net\/lajme\/hapet-kampi-pyjor-2025-me-synimin-ti-angazhoje-te-rinjte-ne-menaxhimin-e-qendrueshem-te-pyjeve#primaryimage"
                    },
                    "thumbnailUrl": "https:\/\/apkrks.net\/wp-content\/uploads\/2025\/12\/Kampi-Pyjor-i-Kosoves-foto-Ridvan-Slivova-5-scaled.jpg",
                    "articleSection": [
                        "News"
                    ],
                    "inLanguage": "en-US"
                },
                {
                    "@type": "WebPage",
                    "@id": "https:\/\/apkrks.net\/lajme\/hapet-kampi-pyjor-2025-me-synimin-ti-angazhoje-te-rinjte-ne-menaxhimin-e-qendrueshem-te-pyjeve",
                    "url": "https:\/\/apkrks.net\/lajme\/hapet-kampi-pyjor-2025-me-synimin-ti-angazhoje-te-rinjte-ne-menaxhimin-e-qendrueshem-te-pyjeve",
                    "name": "Hapet Kampi Pyjor 2025 me synimin t\u2019i angazhoj\u00eb t\u00eb rinjt\u00eb n\u00eb menaxhimin e q\u00ebndruesh\u00ebm t\u00eb pyjeve",
                    "isPartOf": {
                        "@id": "https:\/\/apkrks.net\/sq\/#website"
                    },
                    "primaryImageOfPage": {
                        "@id": "https:\/\/apkrks.net\/lajme\/hapet-kampi-pyjor-2025-me-synimin-ti-angazhoje-te-rinjte-ne-menaxhimin-e-qendrueshem-te-pyjeve#primaryimage"
                    },
                    "image": {
                        "@id": "https:\/\/apkrks.net\/lajme\/hapet-kampi-pyjor-2025-me-synimin-ti-angazhoje-te-rinjte-ne-menaxhimin-e-qendrueshem-te-pyjeve#primaryimage"
                    },
                    "thumbnailUrl": "https:\/\/apkrks.net\/wp-content\/uploads\/2025\/12\/Kampi-Pyjor-i-Kosoves-foto-Ridvan-Slivova-5-scaled.jpg",
                    "datePublished": "2025-12-10T14:46:22+00:00",
                    "dateModified": "2025-12-10T14:46:49+00:00",
                    "breadcrumb": {
                        "@id": "https:\/\/apkrks.net\/lajme\/hapet-kampi-pyjor-2025-me-synimin-ti-angazhoje-te-rinjte-ne-menaxhimin-e-qendrueshem-te-pyjeve#breadcrumb"
                    },
                    "inLanguage": "en-US",
                    "potentialAction": [
                        {
                            "@type": "ReadAction",
                            "target": [
                                "https:\/\/apkrks.net\/lajme\/hapet-kampi-pyjor-2025-me-synimin-ti-angazhoje-te-rinjte-ne-menaxhimin-e-qendrueshem-te-pyjeve"
                            ]
                        }
                    ]
                },
                {
                    "@type": "ImageObject",
                    "inLanguage": "en-US",
                    "@id": "https:\/\/apkrks.net\/lajme\/hapet-kampi-pyjor-2025-me-synimin-ti-angazhoje-te-rinjte-ne-menaxhimin-e-qendrueshem-te-pyjeve#primaryimage",
                    "url": "https:\/\/apkrks.net\/wp-content\/uploads\/2025\/12\/Kampi-Pyjor-i-Kosoves-foto-Ridvan-Slivova-5-scaled.jpg",
                    "contentUrl": "https:\/\/apkrks.net\/wp-content\/uploads\/2025\/12\/Kampi-Pyjor-i-Kosoves-foto-Ridvan-Slivova-5-scaled.jpg",
                    "width": 2560,
                    "height": 1703
                },
                {
                    "@type": "BreadcrumbList",
                    "@id": "https:\/\/apkrks.net\/lajme\/hapet-kampi-pyjor-2025-me-synimin-ti-angazhoje-te-rinjte-ne-menaxhimin-e-qendrueshem-te-pyjeve#breadcrumb",
                    "itemListElement": [
                        {
                            "@type": "ListItem",
                            "position": 1,
                            "name": "Home",
                            "item": "https:\/\/apkrks.net\/"
                        },
                        {
                            "@type": "ListItem",
                            "position": 2,
                            "name": "Hapet Kampi Pyjor 2025 me synimin t\u2019i angazhoj\u00eb t\u00eb rinjt\u00eb n\u00eb menaxhimin e q\u00ebndruesh\u00ebm t\u00eb pyjeve"
                        }
                    ]
                },
                {
                    "@type": "WebSite",
                    "@id": "https:\/\/apkrks.net\/sq\/#website",
                    "url": "https:\/\/apkrks.net\/sq\/",
                    "name": "Agjencia Pyjore e Kosov\u00ebs",
                    "description": "",
                    "publisher": {
                        "@id": "https:\/\/apkrks.net\/sq\/#organization"
                    },
                    "alternateName": "Agjencioni Pyjor i Kosov\u00ebs",
                    "potentialAction": [
                        {
                            "@type": "SearchAction",
                            "target": {
                                "@type": "EntryPoint",
                                "urlTemplate": "https:\/\/apkrks.net\/sq\/?s={search_term_string}"
                            },
                            "query-input": {
                                "@type": "PropertyValueSpecification",
                                "valueRequired": true,
                                "valueName": "search_term_string"
                            }
                        }
                    ],
                    "inLanguage": "en-US"
                },
                {
                    "@type": "Organization",
                    "@id": "https:\/\/apkrks.net\/sq\/#organization",
                    "name": "Agjencia Pyjore e Kosov\u00ebs",
                    "alternateName": "Agjencioni Pyjor i Kosov\u00ebs",
                    "url": "https:\/\/apkrks.net\/sq\/",
                    "logo": {
                        "@type": "ImageObject",
                        "inLanguage": "en-US",
                        "@id": "https:\/\/apkrks.net\/sq\/#\/schema\/logo\/image\/",
                        "url": "https:\/\/apkrks.net\/wp-content\/uploads\/2024\/06\/Emblema_e_qeverise_se_kosoves.png",
                        "contentUrl": "https:\/\/apkrks.net\/wp-content\/uploads\/2024\/06\/Emblema_e_qeverise_se_kosoves.png",
                        "width": 217,
                        "height": 240,
                        "caption": "Agjencia Pyjore e Kosov\u00ebs"
                    },
                    "image": {
                        "@id": "https:\/\/apkrks.net\/sq\/#\/schema\/logo\/image\/"
                    },
                    "sameAs": [
                        "https:\/\/www.facebook.com\/profile.php?id=100064789090459",
                        "https:\/\/www.youtube.com\/@AgjenciaPyjoreeKosoves"
                    ]
                }
            ]
        }
    },
    "_links": {
        "self": [
            {
                "href": "https:\/\/apkrks.net\/en\/wp-json\/wp\/v2\/posts\/10621"
            }
        ],
        "collection": [
            {
                "href": "https:\/\/apkrks.net\/en\/wp-json\/wp\/v2\/posts"
            }
        ],
        "about": [
            {
                "href": "https:\/\/apkrks.net\/en\/wp-json\/wp\/v2\/types\/post"
            }
        ],
        "author": [
            {
                "embeddable": true,
                "href": "https:\/\/apkrks.net\/en\/wp-json\/wp\/v2\/users\/1"
            }
        ],
        "replies": [
            {
                "embeddable": true,
                "href": "https:\/\/apkrks.net\/en\/wp-json\/wp\/v2\/comments?post=10621"
            }
        ],
        "version-history": [
            {
                "count": 1,
                "href": "https:\/\/apkrks.net\/en\/wp-json\/wp\/v2\/posts\/10621\/revisions"
            }
        ],
        "predecessor-version": [
            {
                "id": 10622,
                "href": "https:\/\/apkrks.net\/en\/wp-json\/wp\/v2\/posts\/10621\/revisions\/10622"
            }
        ],
        "wp:featuredmedia": [
            {
                "embeddable": true,
                "href": "https:\/\/apkrks.net\/en\/wp-json\/wp\/v2\/media\/10576"
            }
        ],
        "wp:attachment": [
            {
                "href": "https:\/\/apkrks.net\/en\/wp-json\/wp\/v2\/media?parent=10621"
            }
        ],
        "wp:term": [
            {
                "taxonomy": "category",
                "embeddable": true,
                "href": "https:\/\/apkrks.net\/en\/wp-json\/wp\/v2\/categories?post=10621"
            },
            {
                "taxonomy": "post_tag",
                "embeddable": true,
                "href": "https:\/\/apkrks.net\/en\/wp-json\/wp\/v2\/tags?post=10621"
            }
        ],
        "curies": [
            {
                "name": "wp",
                "href": "https:\/\/api.w.org\/{rel}",
                "templated": true
            }
        ]
    }
}