{"id":10063,"date":"2025-01-27T12:41:12","date_gmt":"2025-01-27T12:41:12","guid":{"rendered":"https:\/\/apkrks.net\/?p=10063"},"modified":"2025-01-28T08:53:30","modified_gmt":"2025-01-28T08:53:30","slug":"memorandum-of-cooperation-between-the-kosovo-forestry-agency-and-the-national-forestry-agency-of-albania","status":"publish","type":"post","link":"https:\/\/apkrks.net\/sq\/news\/memorandum-bashkepunimi-mes-agjencise-pyjore-te-kosoves-dhe-agjencise-kombetare-te-pyjeve-te-shqiperise","title":{"rendered":"Memorandum Bashk\u00ebpunimi Mes Agjencis\u00eb Pyjore t\u00eb Kosov\u00ebs dhe Agjencis\u00eb Komb\u00ebtare t\u00eb Pyjeve t\u00eb Shqip\u00ebris\u00eb"},"content":{"rendered":"<p>Me k\u00ebnaq\u00ebsi ju njoftojm\u00eb se Drejtori Ekzekutiv i Agjencis\u00eb Pyjore t\u00eb Kosov\u00ebs, z. Fidan Dema, ka n\u00ebnshkruar nj\u00eb Memorandum Bashk\u00ebpunimi me Agjencin\u00eb Komb\u00ebtare t\u00eb Pyjeve t\u00eb Shqip\u00ebris\u00eb. Ky memorandum sh\u00ebnon nj\u00eb hap t\u00eb r\u00ebnd\u00ebsish\u00ebm p\u00ebr forcimin e bashk\u00ebpunimit nd\u00ebrkomb\u00ebtar p\u00ebr mbrojtjen e pasuris\u00eb natyrore dhe menaxhimin e resurseve pyjore mes dy shteteve tona.<\/p>\n<p>Ky bashk\u00ebpunim do t\u00eb mund\u00ebsoj\u00eb:<\/p>\n<p class=\" translation-block\">\ud83d\udd39 P\u00ebrmir\u00ebsimin e menaxhimit t\u00eb pyjeve dhe forcimin e kapaciteteve p\u00ebr mbrojtjen e tyre.<br>\n\ud83d\udd39 Shk\u00ebmbimin e eksperiencave dhe praktikave m\u00eb t\u00eb mira p\u00ebr t\u00eb p\u00ebrballuar sfidat e ndryshimeve klimatike dhe p\u00ebrputhshm\u00ebris\u00eb me objektivat e zhvillimit t\u00eb q\u00ebndruesh\u00ebm.<br>\n\ud83d\udd39 Zgjerimin e bashk\u00ebpunimit bilateral n\u00eb fush\u00ebn e pyjeve, p\u00ebr t\u00eb kontribuar n\u00eb integrimin e Republik\u00ebs s\u00eb Shqip\u00ebris\u00eb dhe Republik\u00ebs s\u00eb Kosov\u00ebs n\u00eb Bashkimin Evropian.<\/p>\n<p>Ky memorandum \u00ebsht\u00eb nj\u00eb hap i r\u00ebnd\u00ebsish\u00ebm p\u00ebr mbrojtjen e natyr\u00ebs dhe zhvillimin e q\u00ebndruesh\u00ebm n\u00eb rajonin ton\u00eb.<\/p>\n<div id='gallery-1' class='gallery galleryid-10063 gallery-columns-3 gallery-size-full'><figure class='gallery-item'>\n\t\t\t<div class='gallery-icon landscape'>\n\t\t\t\t<a href='https:\/\/apkrks.net\/sq\/news\/memorandum-bashkepunimi-mes-agjencise-pyjore-te-kosoves-dhe-agjencise-kombetare-te-pyjeve-te-shqiperise\/attachment\/473808699_659242829764360_1630027726987986373_n'><img fetchpriority=\"high\" decoding=\"async\" width=\"2048\" height=\"1338\" src=\"https:\/\/apkrks.net\/wp-content\/uploads\/2025\/01\/473808699_659242829764360_1630027726987986373_n.jpg\" class=\"attachment-full size-full\" alt=\"\" srcset=\"https:\/\/apkrks.net\/wp-content\/uploads\/2025\/01\/473808699_659242829764360_1630027726987986373_n.jpg 2048w, https:\/\/apkrks.net\/wp-content\/uploads\/2025\/01\/473808699_659242829764360_1630027726987986373_n-300x196.jpg 300w, https:\/\/apkrks.net\/wp-content\/uploads\/2025\/01\/473808699_659242829764360_1630027726987986373_n-1024x669.jpg 1024w, https:\/\/apkrks.net\/wp-content\/uploads\/2025\/01\/473808699_659242829764360_1630027726987986373_n-768x502.jpg 768w, https:\/\/apkrks.net\/wp-content\/uploads\/2025\/01\/473808699_659242829764360_1630027726987986373_n-1536x1004.jpg 1536w, https:\/\/apkrks.net\/wp-content\/uploads\/2025\/01\/473808699_659242829764360_1630027726987986373_n-18x12.jpg 18w\" sizes=\"(max-width: 2048px) 100vw, 2048px\" \/><\/a>\n\t\t\t<\/div><\/figure><figure class='gallery-item'>\n\t\t\t<div class='gallery-icon landscape'>\n\t\t\t\t<a href='https:\/\/apkrks.net\/sq\/news\/memorandum-bashkepunimi-mes-agjencise-pyjore-te-kosoves-dhe-agjencise-kombetare-te-pyjeve-te-shqiperise\/attachment\/474763945_659242789764364_3723160787661321241_n'><img decoding=\"async\" width=\"2048\" height=\"1363\" src=\"https:\/\/apkrks.net\/wp-content\/uploads\/2025\/01\/474763945_659242789764364_3723160787661321241_n.jpg\" class=\"attachment-full size-full\" alt=\"\" srcset=\"https:\/\/apkrks.net\/wp-content\/uploads\/2025\/01\/474763945_659242789764364_3723160787661321241_n.jpg 2048w, https:\/\/apkrks.net\/wp-content\/uploads\/2025\/01\/474763945_659242789764364_3723160787661321241_n-300x200.jpg 300w, https:\/\/apkrks.net\/wp-content\/uploads\/2025\/01\/474763945_659242789764364_3723160787661321241_n-1024x682.jpg 1024w, https:\/\/apkrks.net\/wp-content\/uploads\/2025\/01\/474763945_659242789764364_3723160787661321241_n-768x511.jpg 768w, https:\/\/apkrks.net\/wp-content\/uploads\/2025\/01\/474763945_659242789764364_3723160787661321241_n-1536x1022.jpg 1536w, https:\/\/apkrks.net\/wp-content\/uploads\/2025\/01\/474763945_659242789764364_3723160787661321241_n-18x12.jpg 18w\" sizes=\"(max-width: 2048px) 100vw, 2048px\" \/><\/a>\n\t\t\t<\/div><\/figure><figure class='gallery-item'>\n\t\t\t<div class='gallery-icon landscape'>\n\t\t\t\t<a href='https:\/\/apkrks.net\/sq\/news\/memorandum-bashkepunimi-mes-agjencise-pyjore-te-kosoves-dhe-agjencise-kombetare-te-pyjeve-te-shqiperise\/attachment\/474774756_659242833097693_7362312346227142930_n-1'><img decoding=\"async\" width=\"2048\" height=\"1363\" src=\"https:\/\/apkrks.net\/wp-content\/uploads\/2025\/01\/474774756_659242833097693_7362312346227142930_n-1.jpg\" class=\"attachment-full size-full\" alt=\"\" srcset=\"https:\/\/apkrks.net\/wp-content\/uploads\/2025\/01\/474774756_659242833097693_7362312346227142930_n-1.jpg 2048w, https:\/\/apkrks.net\/wp-content\/uploads\/2025\/01\/474774756_659242833097693_7362312346227142930_n-1-300x200.jpg 300w, https:\/\/apkrks.net\/wp-content\/uploads\/2025\/01\/474774756_659242833097693_7362312346227142930_n-1-1024x682.jpg 1024w, https:\/\/apkrks.net\/wp-content\/uploads\/2025\/01\/474774756_659242833097693_7362312346227142930_n-1-768x511.jpg 768w, https:\/\/apkrks.net\/wp-content\/uploads\/2025\/01\/474774756_659242833097693_7362312346227142930_n-1-1536x1022.jpg 1536w, https:\/\/apkrks.net\/wp-content\/uploads\/2025\/01\/474774756_659242833097693_7362312346227142930_n-1-18x12.jpg 18w\" sizes=\"(max-width: 2048px) 100vw, 2048px\" \/><\/a>\n\t\t\t<\/div><\/figure><figure class='gallery-item'>\n\t\t\t<div class='gallery-icon landscape'>\n\t\t\t\t<a href='https:\/\/apkrks.net\/sq\/news\/memorandum-bashkepunimi-mes-agjencise-pyjore-te-kosoves-dhe-agjencise-kombetare-te-pyjeve-te-shqiperise\/attachment\/474776106_659242943097682_7676574781011634359_n'><img loading=\"lazy\" decoding=\"async\" width=\"2048\" height=\"1363\" src=\"https:\/\/apkrks.net\/wp-content\/uploads\/2025\/01\/474776106_659242943097682_7676574781011634359_n.jpg\" class=\"attachment-full size-full\" alt=\"\" srcset=\"https:\/\/apkrks.net\/wp-content\/uploads\/2025\/01\/474776106_659242943097682_7676574781011634359_n.jpg 2048w, https:\/\/apkrks.net\/wp-content\/uploads\/2025\/01\/474776106_659242943097682_7676574781011634359_n-300x200.jpg 300w, https:\/\/apkrks.net\/wp-content\/uploads\/2025\/01\/474776106_659242943097682_7676574781011634359_n-1024x682.jpg 1024w, https:\/\/apkrks.net\/wp-content\/uploads\/2025\/01\/474776106_659242943097682_7676574781011634359_n-768x511.jpg 768w, https:\/\/apkrks.net\/wp-content\/uploads\/2025\/01\/474776106_659242943097682_7676574781011634359_n-1536x1022.jpg 1536w, https:\/\/apkrks.net\/wp-content\/uploads\/2025\/01\/474776106_659242943097682_7676574781011634359_n-18x12.jpg 18w\" sizes=\"(max-width: 2048px) 100vw, 2048px\" \/><\/a>\n\t\t\t<\/div><\/figure><figure class='gallery-item'>\n\t\t\t<div class='gallery-icon landscape'>\n\t\t\t\t<a href='https:\/\/apkrks.net\/sq\/news\/memorandum-bashkepunimi-mes-agjencise-pyjore-te-kosoves-dhe-agjencise-kombetare-te-pyjeve-te-shqiperise\/attachment\/474885403_659242823097694_6936449754632253366_n'><img loading=\"lazy\" decoding=\"async\" width=\"2048\" height=\"1349\" src=\"https:\/\/apkrks.net\/wp-content\/uploads\/2025\/01\/474885403_659242823097694_6936449754632253366_n.jpg\" class=\"attachment-full size-full\" alt=\"\" srcset=\"https:\/\/apkrks.net\/wp-content\/uploads\/2025\/01\/474885403_659242823097694_6936449754632253366_n.jpg 2048w, https:\/\/apkrks.net\/wp-content\/uploads\/2025\/01\/474885403_659242823097694_6936449754632253366_n-300x198.jpg 300w, https:\/\/apkrks.net\/wp-content\/uploads\/2025\/01\/474885403_659242823097694_6936449754632253366_n-1024x675.jpg 1024w, https:\/\/apkrks.net\/wp-content\/uploads\/2025\/01\/474885403_659242823097694_6936449754632253366_n-768x506.jpg 768w, https:\/\/apkrks.net\/wp-content\/uploads\/2025\/01\/474885403_659242823097694_6936449754632253366_n-1536x1012.jpg 1536w, https:\/\/apkrks.net\/wp-content\/uploads\/2025\/01\/474885403_659242823097694_6936449754632253366_n-18x12.jpg 18w\" sizes=\"(max-width: 2048px) 100vw, 2048px\" \/><\/a>\n\t\t\t<\/div><\/figure>\n\t\t<\/div>","protected":false},"excerpt":{"rendered":"<p>We are pleased to announce that the Executive Director of the Kosovo Forestry Agency, Mr. Fidan Dema, has signed a Memorandum of Cooperation with the National Forestry Agency of Albania. This memorandum marks an important step in strengthening international cooperation for the protection of natural wealth and the management of forest resources between our two [&hellip;]<\/p>","protected":false},"author":2,"featured_media":10065,"comment_status":"closed","ping_status":"open","sticky":false,"template":"","format":"standard","meta":{"inline_featured_image":false,"ngg_post_thumbnail":0,"footnotes":""},"categories":[47,78],"tags":[],"class_list":["post-10063","post","type-post","status-publish","format-standard","has-post-thumbnail","hentry","category-ceremonies","category-news"],"yoast_head":"<!-- This site is optimized with the Yoast SEO plugin v25.5 - https:\/\/yoast.com\/wordpress\/plugins\/seo\/ -->\n<title>Memorandum of Cooperation Between the Kosovo Forestry Agency and the National Forestry Agency of Albania<\/title>\n<meta name=\"robots\" content=\"index, follow, max-snippet:-1, max-image-preview:large, max-video-preview:-1\" \/>\n<link rel=\"canonical\" href=\"https:\/\/apkrks.net\/sq\/news\/memorandum-bashkepunimi-mes-agjencise-pyjore-te-kosoves-dhe-agjencise-kombetare-te-pyjeve-te-shqiperise\/\" \/>\n<script type=\"application\/ld+json\" class=\"yoast-schema-graph\">{\"@context\":\"https:\/\/schema.org\",\"@graph\":[{\"@type\":\"Article\",\"@id\":\"https:\/\/apkrks.net\/news\/memorandum-bashkepunimi-mes-agjencise-pyjore-te-kosoves-dhe-agjencise-kombetare-te-pyjeve-te-shqiperise#article\",\"isPartOf\":{\"@id\":\"https:\/\/apkrks.net\/news\/memorandum-bashkepunimi-mes-agjencise-pyjore-te-kosoves-dhe-agjencise-kombetare-te-pyjeve-te-shqiperise\"},\"headline\":\"Memorandum of Cooperation Between the Kosovo Forestry Agency and the National Forestry Agency of Albania\",\"datePublished\":\"2025-01-27T12:41:12+00:00\",\"dateModified\":\"2025-01-28T08:53:30+00:00\",\"mainEntityOfPage\":{\"@id\":\"https:\/\/apkrks.net\/news\/memorandum-bashkepunimi-mes-agjencise-pyjore-te-kosoves-dhe-agjencise-kombetare-te-pyjeve-te-shqiperise\"},\"wordCount\":150,\"publisher\":{\"@id\":\"https:\/\/apkrks.net\/sq\/#organization\"},\"image\":{\"@id\":\"https:\/\/apkrks.net\/news\/memorandum-bashkepunimi-mes-agjencise-pyjore-te-kosoves-dhe-agjencise-kombetare-te-pyjeve-te-shqiperise#primaryimage\"},\"thumbnailUrl\":\"https:\/\/apkrks.net\/wp-content\/uploads\/2025\/01\/473808699_659242829764360_1630027726987986373_n.jpg\",\"articleSection\":[\"Ceremonies\",\"News\"],\"inLanguage\":\"sq\"},{\"@type\":\"WebPage\",\"@id\":\"https:\/\/apkrks.net\/news\/memorandum-bashkepunimi-mes-agjencise-pyjore-te-kosoves-dhe-agjencise-kombetare-te-pyjeve-te-shqiperise\",\"url\":\"https:\/\/apkrks.net\/news\/memorandum-bashkepunimi-mes-agjencise-pyjore-te-kosoves-dhe-agjencise-kombetare-te-pyjeve-te-shqiperise\",\"name\":\"Memorandum of Cooperation Between the Kosovo Forestry Agency and the National Forestry Agency of Albania\",\"isPartOf\":{\"@id\":\"https:\/\/apkrks.net\/sq\/#website\"},\"primaryImageOfPage\":{\"@id\":\"https:\/\/apkrks.net\/news\/memorandum-bashkepunimi-mes-agjencise-pyjore-te-kosoves-dhe-agjencise-kombetare-te-pyjeve-te-shqiperise#primaryimage\"},\"image\":{\"@id\":\"https:\/\/apkrks.net\/news\/memorandum-bashkepunimi-mes-agjencise-pyjore-te-kosoves-dhe-agjencise-kombetare-te-pyjeve-te-shqiperise#primaryimage\"},\"thumbnailUrl\":\"https:\/\/apkrks.net\/wp-content\/uploads\/2025\/01\/473808699_659242829764360_1630027726987986373_n.jpg\",\"datePublished\":\"2025-01-27T12:41:12+00:00\",\"dateModified\":\"2025-01-28T08:53:30+00:00\",\"breadcrumb\":{\"@id\":\"https:\/\/apkrks.net\/news\/memorandum-bashkepunimi-mes-agjencise-pyjore-te-kosoves-dhe-agjencise-kombetare-te-pyjeve-te-shqiperise#breadcrumb\"},\"inLanguage\":\"sq\",\"potentialAction\":[{\"@type\":\"ReadAction\",\"target\":[\"https:\/\/apkrks.net\/news\/memorandum-bashkepunimi-mes-agjencise-pyjore-te-kosoves-dhe-agjencise-kombetare-te-pyjeve-te-shqiperise\"]}]},{\"@type\":\"ImageObject\",\"inLanguage\":\"sq\",\"@id\":\"https:\/\/apkrks.net\/news\/memorandum-bashkepunimi-mes-agjencise-pyjore-te-kosoves-dhe-agjencise-kombetare-te-pyjeve-te-shqiperise#primaryimage\",\"url\":\"https:\/\/apkrks.net\/wp-content\/uploads\/2025\/01\/473808699_659242829764360_1630027726987986373_n.jpg\",\"contentUrl\":\"https:\/\/apkrks.net\/wp-content\/uploads\/2025\/01\/473808699_659242829764360_1630027726987986373_n.jpg\",\"width\":2048,\"height\":1338},{\"@type\":\"BreadcrumbList\",\"@id\":\"https:\/\/apkrks.net\/news\/memorandum-bashkepunimi-mes-agjencise-pyjore-te-kosoves-dhe-agjencise-kombetare-te-pyjeve-te-shqiperise#breadcrumb\",\"itemListElement\":[{\"@type\":\"ListItem\",\"position\":1,\"name\":\"Home\",\"item\":\"https:\/\/apkrks.net\/\"},{\"@type\":\"ListItem\",\"position\":2,\"name\":\"Memorandum of Cooperation Between the Kosovo Forestry Agency and the National Forestry Agency of Albania\"}]},{\"@type\":\"WebSite\",\"@id\":\"https:\/\/apkrks.net\/sq\/#website\",\"url\":\"https:\/\/apkrks.net\/sq\/\",\"name\":\"Agjencia Pyjore e Kosov\u00ebs\",\"description\":\"\",\"publisher\":{\"@id\":\"https:\/\/apkrks.net\/sq\/#organization\"},\"alternateName\":\"Agjencioni Pyjor i Kosov\u00ebs\",\"potentialAction\":[{\"@type\":\"SearchAction\",\"target\":{\"@type\":\"EntryPoint\",\"urlTemplate\":\"https:\/\/apkrks.net\/sq\/?s={search_term_string}\"},\"query-input\":{\"@type\":\"PropertyValueSpecification\",\"valueRequired\":true,\"valueName\":\"search_term_string\"}}],\"inLanguage\":\"sq\"},{\"@type\":\"Organization\",\"@id\":\"https:\/\/apkrks.net\/sq\/#organization\",\"name\":\"Agjencia Pyjore e Kosov\u00ebs\",\"alternateName\":\"Agjencioni Pyjor i Kosov\u00ebs\",\"url\":\"https:\/\/apkrks.net\/sq\/\",\"logo\":{\"@type\":\"ImageObject\",\"inLanguage\":\"sq\",\"@id\":\"https:\/\/apkrks.net\/sq\/#\/schema\/logo\/image\/\",\"url\":\"https:\/\/apkrks.net\/wp-content\/uploads\/2024\/06\/Emblema_e_qeverise_se_kosoves.png\",\"contentUrl\":\"https:\/\/apkrks.net\/wp-content\/uploads\/2024\/06\/Emblema_e_qeverise_se_kosoves.png\",\"width\":217,\"height\":240,\"caption\":\"Agjencia Pyjore e Kosov\u00ebs\"},\"image\":{\"@id\":\"https:\/\/apkrks.net\/sq\/#\/schema\/logo\/image\/\"},\"sameAs\":[\"https:\/\/www.facebook.com\/profile.php?id=100064789090459\",\"https:\/\/www.youtube.com\/@AgjenciaPyjoreeKosoves\"]}]}<\/script>\n<!-- \/ Yoast SEO plugin. -->","yoast_head_json":{"title":"Memorandum of Cooperation Between the Kosovo Forestry Agency and the National Forestry Agency of Albania","robots":{"index":"index","follow":"follow","max-snippet":"max-snippet:-1","max-image-preview":"max-image-preview:large","max-video-preview":"max-video-preview:-1"},"canonical":"https:\/\/apkrks.net\/sq\/news\/memorandum-bashkepunimi-mes-agjencise-pyjore-te-kosoves-dhe-agjencise-kombetare-te-pyjeve-te-shqiperise\/","schema":{"@context":"https:\/\/schema.org","@graph":[{"@type":"Article","@id":"https:\/\/apkrks.net\/news\/memorandum-bashkepunimi-mes-agjencise-pyjore-te-kosoves-dhe-agjencise-kombetare-te-pyjeve-te-shqiperise#article","isPartOf":{"@id":"https:\/\/apkrks.net\/news\/memorandum-bashkepunimi-mes-agjencise-pyjore-te-kosoves-dhe-agjencise-kombetare-te-pyjeve-te-shqiperise"},"headline":"Memorandum of Cooperation Between the Kosovo Forestry Agency and the National Forestry Agency of Albania","datePublished":"2025-01-27T12:41:12+00:00","dateModified":"2025-01-28T08:53:30+00:00","mainEntityOfPage":{"@id":"https:\/\/apkrks.net\/news\/memorandum-bashkepunimi-mes-agjencise-pyjore-te-kosoves-dhe-agjencise-kombetare-te-pyjeve-te-shqiperise"},"wordCount":150,"publisher":{"@id":"https:\/\/apkrks.net\/sq\/#organization"},"image":{"@id":"https:\/\/apkrks.net\/news\/memorandum-bashkepunimi-mes-agjencise-pyjore-te-kosoves-dhe-agjencise-kombetare-te-pyjeve-te-shqiperise#primaryimage"},"thumbnailUrl":"https:\/\/apkrks.net\/wp-content\/uploads\/2025\/01\/473808699_659242829764360_1630027726987986373_n.jpg","articleSection":["Ceremonies","News"],"inLanguage":"sq"},{"@type":"WebPage","@id":"https:\/\/apkrks.net\/news\/memorandum-bashkepunimi-mes-agjencise-pyjore-te-kosoves-dhe-agjencise-kombetare-te-pyjeve-te-shqiperise","url":"https:\/\/apkrks.net\/news\/memorandum-bashkepunimi-mes-agjencise-pyjore-te-kosoves-dhe-agjencise-kombetare-te-pyjeve-te-shqiperise","name":"Memorandum of Cooperation Between the Kosovo Forestry Agency and the National Forestry Agency of Albania","isPartOf":{"@id":"https:\/\/apkrks.net\/sq\/#website"},"primaryImageOfPage":{"@id":"https:\/\/apkrks.net\/news\/memorandum-bashkepunimi-mes-agjencise-pyjore-te-kosoves-dhe-agjencise-kombetare-te-pyjeve-te-shqiperise#primaryimage"},"image":{"@id":"https:\/\/apkrks.net\/news\/memorandum-bashkepunimi-mes-agjencise-pyjore-te-kosoves-dhe-agjencise-kombetare-te-pyjeve-te-shqiperise#primaryimage"},"thumbnailUrl":"https:\/\/apkrks.net\/wp-content\/uploads\/2025\/01\/473808699_659242829764360_1630027726987986373_n.jpg","datePublished":"2025-01-27T12:41:12+00:00","dateModified":"2025-01-28T08:53:30+00:00","breadcrumb":{"@id":"https:\/\/apkrks.net\/news\/memorandum-bashkepunimi-mes-agjencise-pyjore-te-kosoves-dhe-agjencise-kombetare-te-pyjeve-te-shqiperise#breadcrumb"},"inLanguage":"sq","potentialAction":[{"@type":"ReadAction","target":["https:\/\/apkrks.net\/news\/memorandum-bashkepunimi-mes-agjencise-pyjore-te-kosoves-dhe-agjencise-kombetare-te-pyjeve-te-shqiperise"]}]},{"@type":"ImageObject","inLanguage":"sq","@id":"https:\/\/apkrks.net\/news\/memorandum-bashkepunimi-mes-agjencise-pyjore-te-kosoves-dhe-agjencise-kombetare-te-pyjeve-te-shqiperise#primaryimage","url":"https:\/\/apkrks.net\/wp-content\/uploads\/2025\/01\/473808699_659242829764360_1630027726987986373_n.jpg","contentUrl":"https:\/\/apkrks.net\/wp-content\/uploads\/2025\/01\/473808699_659242829764360_1630027726987986373_n.jpg","width":2048,"height":1338},{"@type":"BreadcrumbList","@id":"https:\/\/apkrks.net\/news\/memorandum-bashkepunimi-mes-agjencise-pyjore-te-kosoves-dhe-agjencise-kombetare-te-pyjeve-te-shqiperise#breadcrumb","itemListElement":[{"@type":"ListItem","position":1,"name":"Home","item":"https:\/\/apkrks.net\/"},{"@type":"ListItem","position":2,"name":"Memorandum of Cooperation Between the Kosovo Forestry Agency and the National Forestry Agency of Albania"}]},{"@type":"WebSite","@id":"https:\/\/apkrks.net\/sq\/#website","url":"https:\/\/apkrks.net\/sq\/","name":"Agjencia Pyjore e Kosov\u00ebs","description":"","publisher":{"@id":"https:\/\/apkrks.net\/sq\/#organization"},"alternateName":"Agjencioni Pyjor i Kosov\u00ebs","potentialAction":[{"@type":"SearchAction","target":{"@type":"EntryPoint","urlTemplate":"https:\/\/apkrks.net\/sq\/?s={search_term_string}"},"query-input":{"@type":"PropertyValueSpecification","valueRequired":true,"valueName":"search_term_string"}}],"inLanguage":"sq"},{"@type":"Organization","@id":"https:\/\/apkrks.net\/sq\/#organization","name":"Agjencia Pyjore e Kosov\u00ebs","alternateName":"Agjencioni Pyjor i Kosov\u00ebs","url":"https:\/\/apkrks.net\/sq\/","logo":{"@type":"ImageObject","inLanguage":"sq","@id":"https:\/\/apkrks.net\/sq\/#\/schema\/logo\/image\/","url":"https:\/\/apkrks.net\/wp-content\/uploads\/2024\/06\/Emblema_e_qeverise_se_kosoves.png","contentUrl":"https:\/\/apkrks.net\/wp-content\/uploads\/2024\/06\/Emblema_e_qeverise_se_kosoves.png","width":217,"height":240,"caption":"Agjencia Pyjore e Kosov\u00ebs"},"image":{"@id":"https:\/\/apkrks.net\/sq\/#\/schema\/logo\/image\/"},"sameAs":["https:\/\/www.facebook.com\/profile.php?id=100064789090459","https:\/\/www.youtube.com\/@AgjenciaPyjoreeKosoves"]}]}},"_links":{"self":[{"href":"https:\/\/apkrks.net\/sq\/wp-json\/wp\/v2\/posts\/10063"}],"collection":[{"href":"https:\/\/apkrks.net\/sq\/wp-json\/wp\/v2\/posts"}],"about":[{"href":"https:\/\/apkrks.net\/sq\/wp-json\/wp\/v2\/types\/post"}],"author":[{"embeddable":true,"href":"https:\/\/apkrks.net\/sq\/wp-json\/wp\/v2\/users\/2"}],"replies":[{"embeddable":true,"href":"https:\/\/apkrks.net\/sq\/wp-json\/wp\/v2\/comments?post=10063"}],"version-history":[{"count":7,"href":"https:\/\/apkrks.net\/sq\/wp-json\/wp\/v2\/posts\/10063\/revisions"}],"predecessor-version":[{"id":10105,"href":"https:\/\/apkrks.net\/sq\/wp-json\/wp\/v2\/posts\/10063\/revisions\/10105"}],"wp:featuredmedia":[{"embeddable":true,"href":"https:\/\/apkrks.net\/sq\/wp-json\/wp\/v2\/media\/10065"}],"wp:attachment":[{"href":"https:\/\/apkrks.net\/sq\/wp-json\/wp\/v2\/media?parent=10063"}],"wp:term":[{"taxonomy":"category","embeddable":true,"href":"https:\/\/apkrks.net\/sq\/wp-json\/wp\/v2\/categories?post=10063"},{"taxonomy":"post_tag","embeddable":true,"href":"https:\/\/apkrks.net\/sq\/wp-json\/wp\/v2\/tags?post=10063"}],"curies":[{"name":"wp","href":"https:\/\/api.w.org\/{rel}","templated":true}]}}