{"id":10174,"date":"2025-02-12T10:22:02","date_gmt":"2025-02-12T10:22:02","guid":{"rendered":"https:\/\/apkrks.net\/?p=10174"},"modified":"2025-02-24T09:31:47","modified_gmt":"2025-02-24T09:31:47","slug":"workshop-on-coordination-of-activities-for-sustainable-forest-management","status":"publish","type":"post","link":"https:\/\/apkrks.net\/sq\/lajme\/punetori-mbi-koordinimin-e-aktiviteteve-per-menaxhimin-e-qendrueshem-te-pyjeve","title":{"rendered":"Pun\u00ebtori mbi Koordinimin e Aktiviteteve p\u00ebr Menaxhimin e Q\u00ebndruesh\u00ebm t\u00eb Pyjeve"},"content":{"rendered":"<p>Pun\u00ebtori mbi Koordinimin e Aktiviteteve p\u00ebr Menaxhimin e Q\u00ebndruesh\u00ebm t\u00eb Pyjeve N\u00eb Qendr\u00ebn e Aft\u00ebsimit Profesional p\u00ebr Pylltari n\u00eb Blinaj\u00eb \u00ebsht\u00eb mbajtur nj\u00eb pun\u00ebtori e r\u00ebnd\u00ebsishme, e organizuar nga Organizata p\u00ebr Ushqim dhe Bujq\u00ebsi e Kombeve t\u00eb Bashkuara (FAO) n\u00eb bashk\u00ebpunim me Agjencin\u00eb Pyjore t\u00eb Kosov\u00ebs.<\/p>\n<p><img fetchpriority=\"high\" decoding=\"async\" class=\"alignnone wp-image-10175 size-full\" src=\"https:\/\/apkrks.net\/wp-content\/uploads\/2025\/02\/9f6a9967-ea66-4799-b979-2fe5f692e29b-1.png\" alt=\"\" width=\"895\" height=\"556\" srcset=\"https:\/\/apkrks.net\/wp-content\/uploads\/2025\/02\/9f6a9967-ea66-4799-b979-2fe5f692e29b-1.png 895w, https:\/\/apkrks.net\/wp-content\/uploads\/2025\/02\/9f6a9967-ea66-4799-b979-2fe5f692e29b-1-300x186.png 300w, https:\/\/apkrks.net\/wp-content\/uploads\/2025\/02\/9f6a9967-ea66-4799-b979-2fe5f692e29b-1-768x477.png 768w, https:\/\/apkrks.net\/wp-content\/uploads\/2025\/02\/9f6a9967-ea66-4799-b979-2fe5f692e29b-1-18x12.png 18w\" sizes=\"(max-width: 895px) 100vw, 895px\" \/><\/p>\n<p>Q\u00ebllimi i k\u00ebtij takimi ishte diskutimi dhe koordinimi i aktiviteteve rreth planit t\u00eb pun\u00ebs p\u00ebr vitin 2025, si dhe forcimi i bashk\u00ebpunimit nd\u00ebrmjet Agjencis\u00eb Pyjore t\u00eb Kosov\u00ebs dhe FAO-s\u00eb n\u00eb kuad\u00ebr t\u00eb projektit \u201cMb\u00ebshtetje n\u00eb fuqizimin e menaxhimit t\u00eb q\u00ebndruesh\u00ebm dhe shum\u00ebq\u00ebllimor t\u00eb pyjeve p\u00ebr t\u00eb p\u00ebrmir\u00ebsuar jetes\u00ebn n\u00eb vendet rurale dhe p\u00ebr t\u00eb adresuar ndryshimin klimatik n\u00eb Kosov\u00eb\u201d, i cili financohet nga Ambasada e Suedis\u00eb dhe Komisioni Evropian. Gjat\u00eb pun\u00ebtoris\u00eb, pjes\u00ebmarr\u00ebsit diskutuan rreth strategjive p\u00ebr menaxhimin e q\u00ebndruesh\u00ebm t\u00eb pyjeve, p\u00ebrmir\u00ebsimin e infrastruktur\u00ebs dhe fuqizimin e kapaciteteve institucionale p\u00ebr t\u00eb siguruar mbrojtjen dhe shfryt\u00ebzimin e q\u00ebndruesh\u00ebm t\u00eb burimeve pyjore.Nj\u00eb fokus i ve\u00e7ant\u00eb iu dha p\u00ebrmir\u00ebsimit t\u00eb bashk\u00ebpunimit nd\u00ebrinstitucional dhe zbatimit t\u00eb projekteve t\u00eb p\u00ebrbashk\u00ebta q\u00eb synojn\u00eb ruajtjen e biodiversitetit dhe adresimin e sfidave t\u00eb ndryshimeve klimatike.<\/p>\n<p><img decoding=\"async\" class=\"alignnone wp-image-10171 size-full\" src=\"https:\/\/apkrks.net\/wp-content\/uploads\/2025\/02\/0aa3afc5-a1e1-4f6e-bc1e-d5f1127866da-1.png\" alt=\"\" width=\"1024\" height=\"576\" srcset=\"https:\/\/apkrks.net\/wp-content\/uploads\/2025\/02\/0aa3afc5-a1e1-4f6e-bc1e-d5f1127866da-1.png 1024w, https:\/\/apkrks.net\/wp-content\/uploads\/2025\/02\/0aa3afc5-a1e1-4f6e-bc1e-d5f1127866da-1-300x169.png 300w, https:\/\/apkrks.net\/wp-content\/uploads\/2025\/02\/0aa3afc5-a1e1-4f6e-bc1e-d5f1127866da-1-768x432.png 768w, https:\/\/apkrks.net\/wp-content\/uploads\/2025\/02\/0aa3afc5-a1e1-4f6e-bc1e-d5f1127866da-1-18x10.png 18w\" sizes=\"(max-width: 1024px) 100vw, 1024px\" \/><\/p>\n<p>Agjencia Pyjore e Kosov\u00ebs dhe FAO riafirmuan angazhimin e tyre p\u00ebr t\u00eb vazhduar bashk\u00ebpunimin dhe p\u00ebr t\u00eb siguruar q\u00eb politikat dhe veprimet n\u00eb sektorin e pylltaris\u00eb t\u00eb mb\u00ebshtesin zhvillimin e q\u00ebndruesh\u00ebm dhe p\u00ebrmir\u00ebsimin e jetes\u00ebs n\u00eb zonat rurale t\u00eb Kosov\u00ebs. Ky takim sh\u00ebnon nj\u00eb hap t\u00eb r\u00ebnd\u00ebsish\u00ebm drejt forcimit t\u00eb menaxhimit t\u00eb pyjeve dhe implementimit t\u00eb praktikave m\u00eb t\u00eb mira n\u00eb k\u00ebt\u00eb fush\u00eb.<\/p>\n<div class=\"html-div xdj266r x11i5rnm xat24cr x1mh8g0r xexx8yu x4uap5 x18d9i69 xkhd6sd x1h91t0o xkh2ocl x78zum5 xdt5ytf x13a6bvl x193iq5w x1iyjqo2 x1eb86dx\" role=\"presentation\">&nbsp;<\/div>\n<p>&nbsp;<\/p>","protected":false},"excerpt":{"rendered":"<p>Workshop on Coordination of Activities for Sustainable Forest Management An important workshop was held at the Forestry Vocational Training Center in Blinaje, organized by the Food and Agriculture Organization of the United Nations (FAO) in cooperation with the Kosovo Forestry Agency. The purpose of this meeting was to discuss and coordinate activities around the work [&hellip;]<\/p>","protected":false},"author":2,"featured_media":10173,"comment_status":"closed","ping_status":"open","sticky":false,"template":"","format":"standard","meta":{"inline_featured_image":false,"ngg_post_thumbnail":0,"footnotes":""},"categories":[78],"tags":[],"class_list":["post-10174","post","type-post","status-publish","format-standard","has-post-thumbnail","hentry","category-news"],"yoast_head":"<!-- This site is optimized with the Yoast SEO plugin v25.5 - https:\/\/yoast.com\/wordpress\/plugins\/seo\/ -->\n<title>Workshop on Coordination of Activities for Sustainable Forest Management<\/title>\n<meta name=\"robots\" content=\"index, follow, max-snippet:-1, max-image-preview:large, max-video-preview:-1\" \/>\n<link rel=\"canonical\" href=\"https:\/\/apkrks.net\/sq\/lajme\/punetori-mbi-koordinimin-e-aktiviteteve-per-menaxhimin-e-qendrueshem-te-pyjeve\/\" \/>\n<script type=\"application\/ld+json\" class=\"yoast-schema-graph\">{\"@context\":\"https:\/\/schema.org\",\"@graph\":[{\"@type\":\"Article\",\"@id\":\"https:\/\/apkrks.net\/lajme\/workshop-on-coordination-of-activities-for-sustainable-forest-management#article\",\"isPartOf\":{\"@id\":\"https:\/\/apkrks.net\/lajme\/workshop-on-coordination-of-activities-for-sustainable-forest-management\"},\"headline\":\"Workshop on Coordination of Activities for Sustainable Forest Management\",\"datePublished\":\"2025-02-12T10:22:02+00:00\",\"dateModified\":\"2025-02-24T09:31:47+00:00\",\"mainEntityOfPage\":{\"@id\":\"https:\/\/apkrks.net\/lajme\/workshop-on-coordination-of-activities-for-sustainable-forest-management\"},\"wordCount\":220,\"publisher\":{\"@id\":\"https:\/\/apkrks.net\/sq\/#organization\"},\"image\":{\"@id\":\"https:\/\/apkrks.net\/lajme\/workshop-on-coordination-of-activities-for-sustainable-forest-management#primaryimage\"},\"thumbnailUrl\":\"https:\/\/apkrks.net\/wp-content\/uploads\/2025\/02\/f289b337-04c6-4dfd-86ab-fb3d2be933ad.png\",\"articleSection\":[\"News\"],\"inLanguage\":\"sq\"},{\"@type\":\"WebPage\",\"@id\":\"https:\/\/apkrks.net\/lajme\/workshop-on-coordination-of-activities-for-sustainable-forest-management\",\"url\":\"https:\/\/apkrks.net\/lajme\/workshop-on-coordination-of-activities-for-sustainable-forest-management\",\"name\":\"Workshop on Coordination of Activities for Sustainable Forest Management\",\"isPartOf\":{\"@id\":\"https:\/\/apkrks.net\/sq\/#website\"},\"primaryImageOfPage\":{\"@id\":\"https:\/\/apkrks.net\/lajme\/workshop-on-coordination-of-activities-for-sustainable-forest-management#primaryimage\"},\"image\":{\"@id\":\"https:\/\/apkrks.net\/lajme\/workshop-on-coordination-of-activities-for-sustainable-forest-management#primaryimage\"},\"thumbnailUrl\":\"https:\/\/apkrks.net\/wp-content\/uploads\/2025\/02\/f289b337-04c6-4dfd-86ab-fb3d2be933ad.png\",\"datePublished\":\"2025-02-12T10:22:02+00:00\",\"dateModified\":\"2025-02-24T09:31:47+00:00\",\"breadcrumb\":{\"@id\":\"https:\/\/apkrks.net\/lajme\/workshop-on-coordination-of-activities-for-sustainable-forest-management#breadcrumb\"},\"inLanguage\":\"sq\",\"potentialAction\":[{\"@type\":\"ReadAction\",\"target\":[\"https:\/\/apkrks.net\/lajme\/workshop-on-coordination-of-activities-for-sustainable-forest-management\"]}]},{\"@type\":\"ImageObject\",\"inLanguage\":\"sq\",\"@id\":\"https:\/\/apkrks.net\/lajme\/workshop-on-coordination-of-activities-for-sustainable-forest-management#primaryimage\",\"url\":\"https:\/\/apkrks.net\/wp-content\/uploads\/2025\/02\/f289b337-04c6-4dfd-86ab-fb3d2be933ad.png\",\"contentUrl\":\"https:\/\/apkrks.net\/wp-content\/uploads\/2025\/02\/f289b337-04c6-4dfd-86ab-fb3d2be933ad.png\",\"width\":1024,\"height\":768},{\"@type\":\"BreadcrumbList\",\"@id\":\"https:\/\/apkrks.net\/lajme\/workshop-on-coordination-of-activities-for-sustainable-forest-management#breadcrumb\",\"itemListElement\":[{\"@type\":\"ListItem\",\"position\":1,\"name\":\"Home\",\"item\":\"https:\/\/apkrks.net\/\"},{\"@type\":\"ListItem\",\"position\":2,\"name\":\"Workshop on Coordination of Activities for Sustainable Forest Management\"}]},{\"@type\":\"WebSite\",\"@id\":\"https:\/\/apkrks.net\/sq\/#website\",\"url\":\"https:\/\/apkrks.net\/sq\/\",\"name\":\"Agjencia Pyjore e Kosov\u00ebs\",\"description\":\"\",\"publisher\":{\"@id\":\"https:\/\/apkrks.net\/sq\/#organization\"},\"alternateName\":\"Agjencioni Pyjor i Kosov\u00ebs\",\"potentialAction\":[{\"@type\":\"SearchAction\",\"target\":{\"@type\":\"EntryPoint\",\"urlTemplate\":\"https:\/\/apkrks.net\/sq\/?s={search_term_string}\"},\"query-input\":{\"@type\":\"PropertyValueSpecification\",\"valueRequired\":true,\"valueName\":\"search_term_string\"}}],\"inLanguage\":\"sq\"},{\"@type\":\"Organization\",\"@id\":\"https:\/\/apkrks.net\/sq\/#organization\",\"name\":\"Agjencia Pyjore e Kosov\u00ebs\",\"alternateName\":\"Agjencioni Pyjor i Kosov\u00ebs\",\"url\":\"https:\/\/apkrks.net\/sq\/\",\"logo\":{\"@type\":\"ImageObject\",\"inLanguage\":\"sq\",\"@id\":\"https:\/\/apkrks.net\/sq\/#\/schema\/logo\/image\/\",\"url\":\"https:\/\/apkrks.net\/wp-content\/uploads\/2024\/06\/Emblema_e_qeverise_se_kosoves.png\",\"contentUrl\":\"https:\/\/apkrks.net\/wp-content\/uploads\/2024\/06\/Emblema_e_qeverise_se_kosoves.png\",\"width\":217,\"height\":240,\"caption\":\"Agjencia Pyjore e Kosov\u00ebs\"},\"image\":{\"@id\":\"https:\/\/apkrks.net\/sq\/#\/schema\/logo\/image\/\"},\"sameAs\":[\"https:\/\/www.facebook.com\/profile.php?id=100064789090459\",\"https:\/\/www.youtube.com\/@AgjenciaPyjoreeKosoves\"]}]}<\/script>\n<!-- \/ Yoast SEO plugin. -->","yoast_head_json":{"title":"Workshop on Coordination of Activities for Sustainable Forest Management","robots":{"index":"index","follow":"follow","max-snippet":"max-snippet:-1","max-image-preview":"max-image-preview:large","max-video-preview":"max-video-preview:-1"},"canonical":"https:\/\/apkrks.net\/sq\/lajme\/punetori-mbi-koordinimin-e-aktiviteteve-per-menaxhimin-e-qendrueshem-te-pyjeve\/","schema":{"@context":"https:\/\/schema.org","@graph":[{"@type":"Article","@id":"https:\/\/apkrks.net\/lajme\/workshop-on-coordination-of-activities-for-sustainable-forest-management#article","isPartOf":{"@id":"https:\/\/apkrks.net\/lajme\/workshop-on-coordination-of-activities-for-sustainable-forest-management"},"headline":"Workshop on Coordination of Activities for Sustainable Forest Management","datePublished":"2025-02-12T10:22:02+00:00","dateModified":"2025-02-24T09:31:47+00:00","mainEntityOfPage":{"@id":"https:\/\/apkrks.net\/lajme\/workshop-on-coordination-of-activities-for-sustainable-forest-management"},"wordCount":220,"publisher":{"@id":"https:\/\/apkrks.net\/sq\/#organization"},"image":{"@id":"https:\/\/apkrks.net\/lajme\/workshop-on-coordination-of-activities-for-sustainable-forest-management#primaryimage"},"thumbnailUrl":"https:\/\/apkrks.net\/wp-content\/uploads\/2025\/02\/f289b337-04c6-4dfd-86ab-fb3d2be933ad.png","articleSection":["News"],"inLanguage":"sq"},{"@type":"WebPage","@id":"https:\/\/apkrks.net\/lajme\/workshop-on-coordination-of-activities-for-sustainable-forest-management","url":"https:\/\/apkrks.net\/lajme\/workshop-on-coordination-of-activities-for-sustainable-forest-management","name":"Workshop on Coordination of Activities for Sustainable Forest Management","isPartOf":{"@id":"https:\/\/apkrks.net\/sq\/#website"},"primaryImageOfPage":{"@id":"https:\/\/apkrks.net\/lajme\/workshop-on-coordination-of-activities-for-sustainable-forest-management#primaryimage"},"image":{"@id":"https:\/\/apkrks.net\/lajme\/workshop-on-coordination-of-activities-for-sustainable-forest-management#primaryimage"},"thumbnailUrl":"https:\/\/apkrks.net\/wp-content\/uploads\/2025\/02\/f289b337-04c6-4dfd-86ab-fb3d2be933ad.png","datePublished":"2025-02-12T10:22:02+00:00","dateModified":"2025-02-24T09:31:47+00:00","breadcrumb":{"@id":"https:\/\/apkrks.net\/lajme\/workshop-on-coordination-of-activities-for-sustainable-forest-management#breadcrumb"},"inLanguage":"sq","potentialAction":[{"@type":"ReadAction","target":["https:\/\/apkrks.net\/lajme\/workshop-on-coordination-of-activities-for-sustainable-forest-management"]}]},{"@type":"ImageObject","inLanguage":"sq","@id":"https:\/\/apkrks.net\/lajme\/workshop-on-coordination-of-activities-for-sustainable-forest-management#primaryimage","url":"https:\/\/apkrks.net\/wp-content\/uploads\/2025\/02\/f289b337-04c6-4dfd-86ab-fb3d2be933ad.png","contentUrl":"https:\/\/apkrks.net\/wp-content\/uploads\/2025\/02\/f289b337-04c6-4dfd-86ab-fb3d2be933ad.png","width":1024,"height":768},{"@type":"BreadcrumbList","@id":"https:\/\/apkrks.net\/lajme\/workshop-on-coordination-of-activities-for-sustainable-forest-management#breadcrumb","itemListElement":[{"@type":"ListItem","position":1,"name":"Home","item":"https:\/\/apkrks.net\/"},{"@type":"ListItem","position":2,"name":"Workshop on Coordination of Activities for Sustainable Forest Management"}]},{"@type":"WebSite","@id":"https:\/\/apkrks.net\/sq\/#website","url":"https:\/\/apkrks.net\/sq\/","name":"Agjencia Pyjore e Kosov\u00ebs","description":"","publisher":{"@id":"https:\/\/apkrks.net\/sq\/#organization"},"alternateName":"Agjencioni Pyjor i Kosov\u00ebs","potentialAction":[{"@type":"SearchAction","target":{"@type":"EntryPoint","urlTemplate":"https:\/\/apkrks.net\/sq\/?s={search_term_string}"},"query-input":{"@type":"PropertyValueSpecification","valueRequired":true,"valueName":"search_term_string"}}],"inLanguage":"sq"},{"@type":"Organization","@id":"https:\/\/apkrks.net\/sq\/#organization","name":"Agjencia Pyjore e Kosov\u00ebs","alternateName":"Agjencioni Pyjor i Kosov\u00ebs","url":"https:\/\/apkrks.net\/sq\/","logo":{"@type":"ImageObject","inLanguage":"sq","@id":"https:\/\/apkrks.net\/sq\/#\/schema\/logo\/image\/","url":"https:\/\/apkrks.net\/wp-content\/uploads\/2024\/06\/Emblema_e_qeverise_se_kosoves.png","contentUrl":"https:\/\/apkrks.net\/wp-content\/uploads\/2024\/06\/Emblema_e_qeverise_se_kosoves.png","width":217,"height":240,"caption":"Agjencia Pyjore e Kosov\u00ebs"},"image":{"@id":"https:\/\/apkrks.net\/sq\/#\/schema\/logo\/image\/"},"sameAs":["https:\/\/www.facebook.com\/profile.php?id=100064789090459","https:\/\/www.youtube.com\/@AgjenciaPyjoreeKosoves"]}]}},"_links":{"self":[{"href":"https:\/\/apkrks.net\/sq\/wp-json\/wp\/v2\/posts\/10174"}],"collection":[{"href":"https:\/\/apkrks.net\/sq\/wp-json\/wp\/v2\/posts"}],"about":[{"href":"https:\/\/apkrks.net\/sq\/wp-json\/wp\/v2\/types\/post"}],"author":[{"embeddable":true,"href":"https:\/\/apkrks.net\/sq\/wp-json\/wp\/v2\/users\/2"}],"replies":[{"embeddable":true,"href":"https:\/\/apkrks.net\/sq\/wp-json\/wp\/v2\/comments?post=10174"}],"version-history":[{"count":8,"href":"https:\/\/apkrks.net\/sq\/wp-json\/wp\/v2\/posts\/10174\/revisions"}],"predecessor-version":[{"id":10184,"href":"https:\/\/apkrks.net\/sq\/wp-json\/wp\/v2\/posts\/10174\/revisions\/10184"}],"wp:featuredmedia":[{"embeddable":true,"href":"https:\/\/apkrks.net\/sq\/wp-json\/wp\/v2\/media\/10173"}],"wp:attachment":[{"href":"https:\/\/apkrks.net\/sq\/wp-json\/wp\/v2\/media?parent=10174"}],"wp:term":[{"taxonomy":"category","embeddable":true,"href":"https:\/\/apkrks.net\/sq\/wp-json\/wp\/v2\/categories?post=10174"},{"taxonomy":"post_tag","embeddable":true,"href":"https:\/\/apkrks.net\/sq\/wp-json\/wp\/v2\/tags?post=10174"}],"curies":[{"name":"wp","href":"https:\/\/api.w.org\/{rel}","templated":true}]}}