{"id":9310,"date":"2024-10-26T12:25:47","date_gmt":"2024-10-26T12:25:47","guid":{"rendered":"https:\/\/apkrks.net\/?p=9310"},"modified":"2024-10-29T15:56:46","modified_gmt":"2024-10-29T15:56:46","slug":"the-2024-forestry-camp-opens-in-novoberde-supported-by-the-eu-and-sweden-and-implemented-by-fao","status":"publish","type":"post","link":"https:\/\/apkrks.net\/sq\/ceremonies\/the-2024-forestry-camp-opens-in-novoberde-supported-by-the-eu-and-sweden-and-implemented-by-fao","title":{"rendered":"Kampi i Pyjeve 2024 Fillon n\u00eb Novo Brdo\/Novob\u00ebrd\u00eb me Mb\u00ebshtetjen e BE-s\u00eb dhe Suedis\u00eb p\u00ebr t\u00eb Forcuar Menaxhimin e Q\u00ebndruesh\u00ebm t\u00eb Pyjeve dhe Zhvillimin Rural"},"content":{"rendered":"<div class=\"styled-body selectionShareable\">\n<div class=\"clearfix text-formatted field field--name-field-text-intro field--type-text-long field--label-hidden field__item selectionShareable\">\n<p class=\"selectionShareable\"><strong>Tetor 2024-\u00a0<\/strong>M\u00eb 21 tetor u sh\u00ebnua hapja zyrtare e Kampit t\u00eb Pyjeve 2024 n\u00eb Novo Brdo\/Novob\u00ebrd\u00eb, n\u00eb kuad\u00ebr t\u00eb programit t\u00eb financuar nga Bashkimi Evropian dhe Suedia \"Mb\u00ebshtetja p\u00ebr forcimin e menaxhimit t\u00eb q\u00ebndruesh\u00ebm dhe shum\u00ebp\u00ebrdorim\u00ebsh t\u00eb pyjeve p\u00ebr t\u00eb p\u00ebrmir\u00ebsuar jetes\u00ebn n\u00eb zonat rurale dhe p\u00ebr t'u p\u00ebrballur me ndryshimet klimatike n\u00eb Kosov\u00eb\". Ky program zbatohet nga Organizata p\u00ebr Ushqim dhe Bujq\u00ebsi (FAO) e Kombeve t\u00eb Bashkuara.<\/p>\n<\/div>\n<\/div>\n<div class=\"styled-body selectionShareable\">\n<div class=\"clearfix text-formatted field field--name-body field--type-text-with-summary field--label-hidden field__item selectionShareable\">\n<p class=\"selectionShareable\">Duke u zhvilluar nga 21 deri m\u00eb 25 tetor 2024, Kampi i Pyjeve 2024 synon t\u00eb promovoj\u00eb menaxhimin e q\u00ebndruesh\u00ebm t\u00eb pyjeve, t\u00eb p\u00ebrmir\u00ebsoj\u00eb jetes\u00ebn rurale dhe t\u00eb angazhoj\u00eb komunitete t\u00eb ndryshme p\u00ebr t'u p\u00ebrballur me ndryshimet klimatike. Kampi i k\u00ebtij viti thekson r\u00ebnd\u00ebsin\u00eb e menaxhimit t\u00eb shum\u00ebp\u00ebrdorim\u00ebsh t\u00eb pyjeve, duke integruar objektiva ekonomike, mjedisore dhe sociale. P\u00ebr m\u00eb tep\u00ebr, ai thekson krijimin e zinxhir\u00ebve t\u00eb vler\u00ebs t\u00eb p\u00ebrgjegjsh\u00ebm p\u00ebr gjinin\u00eb p\u00ebr t\u00eb fuqizuar komunitetet lokale, ve\u00e7an\u00ebrisht grat\u00eb dhe t\u00eb rinjt\u00eb, n\u00eb sip\u00ebrmarrjen e bazuar n\u00eb pylltari, si\u00e7 jan\u00eb produktet jodruri t\u00eb pyjeve dhe ekoturizmi. Ky kamp do t\u00eb sh\u00ebrbej\u00eb gjithashtu p\u00ebr t\u00eb angazhuar t\u00eb rinjt\u00eb q\u00eb jan\u00eb t\u00eb interesuar p\u00ebr t\u00eb ardhmen e pyjeve dhe mund\u00ebsit\u00eb p\u00ebr gjenerimin e t\u00eb ardhurave dhe zhvillimin ekonomik n\u00eb komunat e tyre.<\/p>\n<p class=\"selectionShareable\">Kampi i Pyjeve 2024 po zhvillohet n\u00eb tri vende: Novo Brdo\/Novob\u00ebrd\u00eb, Gjilan\/Gnjilane dhe Kamenic\u00eb\/Kamenica<em>Kamenica,<\/em>\u00a0duke mbledhur 150 deri n\u00eb 200 pjes\u00ebmarr\u00ebs, p\u00ebrfshir\u00eb p\u00ebrfaq\u00ebsues nga Ministria e Bujq\u00ebsis\u00eb, Pylltaris\u00eb dhe Zhvillimit Rural, Agjencia e Pylltaris\u00eb s\u00eb Kosov\u00ebs, Instituti i Pylltaris\u00eb, kryetar\u00ebt e komunave lokale, an\u00ebtar\u00ebt e komunitetit t\u00eb donator\u00ebve, menaxher\u00ebt e pyjeve, pronar\u00ebt privat\u00eb t\u00eb pyjeve, student\u00ebt, profesor\u00ebt universitar\u00eb, p\u00ebrdoruesit e pyjeve, sip\u00ebrmarr\u00ebset gra n\u00eb sektorin e pylltaris\u00eb dhe komunitetet lokale.<\/p>\n<p class=\"selectionShareable translation-block\">Udh\u00ebtimi pes\u00eb-ditor filloi n\u00eb Novo Brdo\/Novob\u00ebrd\u00eb, ku pjes\u00ebmarr\u00ebsit eksploruan pyjet lokale dhe m\u00ebsuan rreth menaxhimit t\u00eb shum\u00ebp\u00ebrdorim\u00ebsh t\u00eb pyjeve dhe praktikave silvikulturale, duke u p\u00ebrqendruar n\u00eb p\u00ebrfshirjen e komunitetit, ve\u00e7an\u00ebrisht t\u00eb rinjve dhe grave. N\u00eb dit\u00ebt n\u00eb vijim, vizitat n\u00eb vendet e pyjeve n\u00eb Novo Brdo\/Novob\u00ebrd\u00eb, Gjilan\/Gnjilane dhe Kamenic\u00eb\/Kamenica do t\u00eb shfaqin mund\u00ebsit\u00eb p\u00ebr prerje druri, agroturiz\u00ebm dhe turiz\u00ebm malor.<\/p>\n<p class=\"selectionShareable\">Ceremonia e hapjes s\u00eb Kampit t\u00eb Pyjeve 2024 u ndoq nga p\u00ebrfaq\u00ebsues t\u00eb Ministris\u00eb s\u00eb Bujq\u00ebsis\u00eb, Pylltaris\u00eb dhe Zhvillimit Rural, Komun\u00ebs s\u00eb Novo Brdo\/Novob\u00ebrd\u00eb, Ambasad\u00ebs s\u00eb Suedis\u00eb, Zyr\u00ebs s\u00eb Bashkimit Evropian, FAO-s\u00eb dhe Agjencis\u00eb s\u00eb Pylltaris\u00eb s\u00eb Kosov\u00ebs. Gjat\u00eb fjalimeve t\u00eb tyre, p\u00ebrfaq\u00ebsuesit e k\u00ebtyre organizatave theksuan rolin e ngjarjes n\u00eb promovimin e menaxhimit t\u00eb q\u00ebndruesh\u00ebm t\u00eb pyjeve dhe zhvillimit rural n\u00eb Kosov\u00eb, nd\u00ebrsa riafirmuan angazhimin e tyre p\u00ebr praktikat e q\u00ebndrueshme t\u00eb pylltaris\u00eb dhe fuqizimin e komuniteteve lokale.<\/p>\n<\/div>\n<\/div>\n<figure id=\"attachment_9315\" aria-describedby=\"caption-attachment-9315\" style=\"width: 1210px\" class=\"wp-caption alignnone\"><img fetchpriority=\"high\" decoding=\"async\" class=\"wp-image-9315 size-full\" style=\"font-weight: var(--e-global-typography-primary-font-weight);\" src=\"https:\/\/apkrks.net\/wp-content\/uploads\/2024\/10\/lajmi1.jpg\" alt=\"\" width=\"1210\" height=\"746\" \/><figcaption id=\"caption-attachment-9315\" class=\"wp-caption-text\">Deputy Minister of MAFRD, Imri Demelezi<\/figcaption><\/figure>\n<p class=\"selectionShareable selectionSharer\">Z\u00ebvend\u00ebsministri i Bujq\u00ebsis\u00eb, Pylltaris\u00eb dhe Zhvillimit Rural, Imri Demelezi, deklaroi se pyjet k\u00ebrkojn\u00eb angazhim t\u00eb p\u00ebrditsh\u00ebm n\u00eb terren, inspektime t\u00eb rregullta dhe p\u00ebrkushtim maksimal nga t\u00eb gjith\u00eb.<\/p>\n<p class=\"selectionShareable selectionSharer\">\"P\u00ebr t\u00eb rritur nd\u00ebrgjegj\u00ebsimin publik p\u00ebr r\u00ebnd\u00ebsin\u00eb e sektorit t\u00eb pyjeve, Ministria, n\u00eb bashk\u00ebpunim me FAO-n, ka zhvilluar aktivitete si pjes\u00eb e Strategjis\u00eb s\u00eb Komunikimit dhe Informacionit n\u00eb Sektorin e Pyjeve, e cila ka p\u00ebrfshir\u00eb fushata nd\u00ebrgjegj\u00ebsimi q\u00eb promovojn\u00eb njohurit\u00eb p\u00ebr menaxhimin e q\u00ebndruesh\u00ebm t\u00eb pyjeve. Ky kamp pyjor \u00ebsht\u00eb nj\u00eb mund\u00ebsi e shk\u00eblqyer p\u00ebr t\u00eb thelluar njohurit\u00eb dhe p\u00ebr t\u00eb inkurajuar t\u00eb rinjt\u00eb t\u00eb p\u00ebrfshihen n\u00eb ruajtjen e k\u00ebtyre burimeve natyrore. S\u00eb bashku me Ambasad\u00ebn Suedeze, Bashkimin Evropian dhe FAO-n, ne synojm\u00eb nj\u00eb t\u00eb ardhme m\u00eb t\u00eb gjelb\u00ebr p\u00ebrmes zbatimit t\u00eb Objektivit t\u00eb Zhvillimit t\u00eb Q\u00ebndruesh\u00ebm 15, duke e kthyer Kosov\u00ebn n\u00eb nj\u00eb model t\u00eb suksessh\u00ebm t\u00eb menaxhimit t\u00eb q\u00ebndruesh\u00ebm t\u00eb pyjeve,\" tha Demelezi.<\/p>\n<figure id=\"attachment_9314\" aria-describedby=\"caption-attachment-9314\" style=\"width: 1213px\" class=\"wp-caption alignnone\"><img decoding=\"async\" class=\"wp-image-9314 size-full\" src=\"https:\/\/apkrks.net\/wp-content\/uploads\/2024\/10\/lajmi2.jpg\" alt=\"\" width=\"1213\" height=\"774\" \/><figcaption id=\"caption-attachment-9314\" class=\"wp-caption-text\"><em>Fatos Mulla, project officer at the Embassy of Sweden in Pristina<\/em><\/figcaption><\/figure>\n<p class=\"selectionShareable selectionSharer\">Fatos Mulla, zyrtar i projektit n\u00eb Ambasad\u00ebn Suedeze, p\u00ebrmendi sfidat kryesore me t\u00eb cilat p\u00ebrballet sektori i pylltaris\u00eb n\u00eb Kosov\u00eb:<\/p>\n<p class=\"selectionShareable selectionSharer\">\"Sektori i pylltaris\u00eb n\u00eb Kosov\u00eb p\u00ebrballet me sfida kritike, si mungesa e financimit t\u00eb q\u00ebndruesh\u00ebm, mungesa e profesionist\u00ebve t\u00eb kualifikuar dhe njohja e pamjaftueshme e rolit t\u00eb tij ekonomik dhe mjedisor. Investimet e Suedis\u00eb prej 12 milion\u00eb eurosh kan\u00eb mb\u00ebshtetur zhvillimin, por duhen p\u00ebrpjekje t\u00eb m\u00ebtejshme p\u00ebr t\u00eb siguruar q\u00ebndrueshm\u00ebrin\u00eb,\" tha Mulla.<\/p>\n<figure id=\"attachment_9313\" aria-describedby=\"caption-attachment-9313\" style=\"width: 1126px\" class=\"wp-caption alignnone\"><img decoding=\"async\" class=\"wp-image-9313 size-full\" src=\"https:\/\/apkrks.net\/wp-content\/uploads\/2024\/10\/lajmi3.jpg\" alt=\"\" width=\"1126\" height=\"639\" \/><figcaption id=\"caption-attachment-9313\" class=\"wp-caption-text\"><em>Vadim Stirbu, Office of the European Union in Kosovo<\/em><\/figcaption><\/figure>\n<p class=\"selectionShareable selectionSharer\">Vadim Stirbu nga Zyra e Bashkimit Evropian n\u00eb Kosov\u00eb tha se pyjet jan\u00eb nj\u00eb nga asetet m\u00eb t\u00eb vlefshme t\u00eb planetit dhe kjo \u00ebsht\u00eb ve\u00e7an\u00ebrisht e v\u00ebrtet\u00eb p\u00ebr Kosov\u00ebn, ku 45% e tok\u00ebs \u00ebsht\u00eb e mbuluar nga pyjet.<\/p>\n<p class=\"selectionShareable selectionSharer\">\"Pyjet jan\u00eb shum\u00eb m\u00eb tep\u00ebr sesa dru p\u00ebr ngrohje; ato jan\u00eb ekosisteme jetike q\u00eb mb\u00ebshtesin biodiversitetin, rregullojn\u00eb klim\u00ebn dhe sigurojn\u00eb burime thelb\u00ebsore p\u00ebr komunitetet. Pyjet jan\u00eb thelb\u00ebsore n\u00eb luft\u00ebn ton\u00eb kund\u00ebr ndryshimeve klimatike, duke vepruar si lavaman\u00eb kritik\u00eb t\u00eb karbonit, duke rregulluar klim\u00ebn lokale dhe duke mb\u00ebshtetur biodiversitetin q\u00eb forcon q\u00ebndrueshm\u00ebrin\u00eb e ekosistemeve. Nj\u00eb e ardhme e q\u00ebndrueshme varet nga pyjet e menaxhuara mir\u00eb; pa to, ne nuk mund t\u00eb lul\u00ebzojm\u00eb,\" tha Stirbu.<\/p>\n<figure id=\"attachment_9315\" aria-describedby=\"caption-attachment-9315\" style=\"width: 1109px\" class=\"wp-caption alignnone\"><img loading=\"lazy\" decoding=\"async\" class=\"wp-image-9315 size-full\" src=\"https:\/\/apkrks.net\/wp-content\/uploads\/2024\/10\/lajmi4.jpg\" alt=\"\" width=\"1109\" height=\"694\" srcset=\"https:\/\/apkrks.net\/wp-content\/uploads\/2024\/10\/lajmi4.jpg 1109w, https:\/\/apkrks.net\/wp-content\/uploads\/2024\/10\/lajmi4-300x188.jpg 300w, https:\/\/apkrks.net\/wp-content\/uploads\/2024\/10\/lajmi4-1024x641.jpg 1024w, https:\/\/apkrks.net\/wp-content\/uploads\/2024\/10\/lajmi4-768x481.jpg 768w, https:\/\/apkrks.net\/wp-content\/uploads\/2024\/10\/lajmi4-18x12.jpg 18w\" sizes=\"(max-width: 1109px) 100vw, 1109px\" \/><figcaption id=\"caption-attachment-9315\" class=\"wp-caption-text\">Naser Krasniqi, Team Leader, FAO<\/figcaption><\/figure>\n<p class=\"selectionShareable selectionSharer\">Naser Krasniqi, udh\u00ebheq\u00ebs i ekipit lokal t\u00eb FAO-s, theksoi r\u00ebnd\u00ebsin\u00eb e organizimit t\u00eb Kampit t\u00eb Pyjeve:<\/p>\n<p class=\"selectionShareable selectionSharer\">\"Si vitin e kaluar n\u00eb Radush\u00eb, Istog\/Istok, edhe k\u00ebt\u00eb vit k\u00ebtu n\u00eb Novo Brdo\/Novob\u00ebrd\u00eb, Kampi i Pyjeve \u00ebsht\u00eb nj\u00eb mund\u00ebsi unike p\u00ebr nd\u00ebrveprim nd\u00ebrmjet t\u00eb rinjve, pronar\u00ebve t\u00eb pyjeve, p\u00ebrdoruesve dhe menaxher\u00ebve t\u00eb tyre, duke ofruar mund\u00ebsi t\u00eb ndryshme p\u00ebr t\u00eb m\u00ebsuar nga nj\u00ebri-tjetri dhe p\u00ebr t\u00eb eksploruar kolektivisht rolin jet\u00ebsor t\u00eb pyjeve n\u00eb zhvillimin e q\u00ebndruesh\u00ebm ekonomik, social dhe mjedisor t\u00eb zon\u00ebs s\u00eb Novo Brdo\/Novob\u00ebrd\u00eb,\" tha Krasniqi.<\/p>\n<p>Kampi i Pyjeve 2024 do t\u00eb p\u00ebrfundoj\u00eb m\u00eb 25 tetor me fjalimet p\u00ebrmbyll\u00ebse dhe shp\u00ebrndarjen e certifikatave p\u00ebr pjes\u00ebmarr\u00ebsit.<\/p>","protected":false},"excerpt":{"rendered":"<p>October 2024 \u2013\u00a021st of October marked the official launch of Forest Camp 2024 in\u00a0Novo Brdo\/Novob\u00ebrd\u00eb, under the EU and Sweden funded program &#8220;Support for strengthening sustainable and multi-purpose forest management to improve livelihoods in rural areas and to address climate change in Kosovo\u201d. This program is implemented by the Food and Agriculture Organization (FAO) of [&hellip;]<\/p>","protected":false},"author":1,"featured_media":9320,"comment_status":"closed","ping_status":"closed","sticky":false,"template":"","format":"standard","meta":{"inline_featured_image":false,"ngg_post_thumbnail":0,"footnotes":""},"categories":[47],"tags":[],"class_list":["post-9310","post","type-post","status-publish","format-standard","has-post-thumbnail","hentry","category-ceremonies"],"yoast_head":"<!-- This site is optimized with the Yoast SEO plugin v25.5 - https:\/\/yoast.com\/wordpress\/plugins\/seo\/ -->\n<title>Forest Camp 2024 Kicks Off in Novo Brdo\/Novob\u00ebrd\u00eb with EU and Sweden Support to Foster Sustainable Forest Management and Rural Development<\/title>\n<meta name=\"robots\" content=\"index, follow, max-snippet:-1, max-image-preview:large, max-video-preview:-1\" \/>\n<link rel=\"canonical\" href=\"https:\/\/apkrks.net\/sq\/ceremonies\/the-2024-forestry-camp-opens-in-novoberde-supported-by-the-eu-and-sweden-and-implemented-by-fao\/\" \/>\n<script type=\"application\/ld+json\" class=\"yoast-schema-graph\">{\"@context\":\"https:\/\/schema.org\",\"@graph\":[{\"@type\":\"Article\",\"@id\":\"https:\/\/apkrks.net\/ceremonies\/the-2024-forestry-camp-opens-in-novoberde-supported-by-the-eu-and-sweden-and-implemented-by-fao#article\",\"isPartOf\":{\"@id\":\"https:\/\/apkrks.net\/ceremonies\/the-2024-forestry-camp-opens-in-novoberde-supported-by-the-eu-and-sweden-and-implemented-by-fao\"},\"headline\":\"Forest Camp 2024 Kicks Off in Novo Brdo\/Novob\u00ebrd\u00eb with EU and Sweden Support to Foster Sustainable Forest Management and Rural Development\",\"datePublished\":\"2024-10-26T12:25:47+00:00\",\"dateModified\":\"2024-10-29T15:56:46+00:00\",\"mainEntityOfPage\":{\"@id\":\"https:\/\/apkrks.net\/ceremonies\/the-2024-forestry-camp-opens-in-novoberde-supported-by-the-eu-and-sweden-and-implemented-by-fao\"},\"wordCount\":826,\"publisher\":{\"@id\":\"https:\/\/apkrks.net\/sq\/#organization\"},\"image\":{\"@id\":\"https:\/\/apkrks.net\/ceremonies\/the-2024-forestry-camp-opens-in-novoberde-supported-by-the-eu-and-sweden-and-implemented-by-fao#primaryimage\"},\"thumbnailUrl\":\"https:\/\/apkrks.net\/wp-content\/uploads\/2024\/10\/parkupyjor1.jpeg\",\"articleSection\":[\"Ceremonies\"],\"inLanguage\":\"sq\"},{\"@type\":\"WebPage\",\"@id\":\"https:\/\/apkrks.net\/ceremonies\/the-2024-forestry-camp-opens-in-novoberde-supported-by-the-eu-and-sweden-and-implemented-by-fao\",\"url\":\"https:\/\/apkrks.net\/ceremonies\/the-2024-forestry-camp-opens-in-novoberde-supported-by-the-eu-and-sweden-and-implemented-by-fao\",\"name\":\"Forest Camp 2024 Kicks Off in Novo Brdo\/Novob\u00ebrd\u00eb with EU and Sweden Support to Foster Sustainable Forest Management and Rural Development\",\"isPartOf\":{\"@id\":\"https:\/\/apkrks.net\/sq\/#website\"},\"primaryImageOfPage\":{\"@id\":\"https:\/\/apkrks.net\/ceremonies\/the-2024-forestry-camp-opens-in-novoberde-supported-by-the-eu-and-sweden-and-implemented-by-fao#primaryimage\"},\"image\":{\"@id\":\"https:\/\/apkrks.net\/ceremonies\/the-2024-forestry-camp-opens-in-novoberde-supported-by-the-eu-and-sweden-and-implemented-by-fao#primaryimage\"},\"thumbnailUrl\":\"https:\/\/apkrks.net\/wp-content\/uploads\/2024\/10\/parkupyjor1.jpeg\",\"datePublished\":\"2024-10-26T12:25:47+00:00\",\"dateModified\":\"2024-10-29T15:56:46+00:00\",\"breadcrumb\":{\"@id\":\"https:\/\/apkrks.net\/ceremonies\/the-2024-forestry-camp-opens-in-novoberde-supported-by-the-eu-and-sweden-and-implemented-by-fao#breadcrumb\"},\"inLanguage\":\"sq\",\"potentialAction\":[{\"@type\":\"ReadAction\",\"target\":[\"https:\/\/apkrks.net\/ceremonies\/the-2024-forestry-camp-opens-in-novoberde-supported-by-the-eu-and-sweden-and-implemented-by-fao\"]}]},{\"@type\":\"ImageObject\",\"inLanguage\":\"sq\",\"@id\":\"https:\/\/apkrks.net\/ceremonies\/the-2024-forestry-camp-opens-in-novoberde-supported-by-the-eu-and-sweden-and-implemented-by-fao#primaryimage\",\"url\":\"https:\/\/apkrks.net\/wp-content\/uploads\/2024\/10\/parkupyjor1.jpeg\",\"contentUrl\":\"https:\/\/apkrks.net\/wp-content\/uploads\/2024\/10\/parkupyjor1.jpeg\",\"width\":900,\"height\":600},{\"@type\":\"BreadcrumbList\",\"@id\":\"https:\/\/apkrks.net\/ceremonies\/the-2024-forestry-camp-opens-in-novoberde-supported-by-the-eu-and-sweden-and-implemented-by-fao#breadcrumb\",\"itemListElement\":[{\"@type\":\"ListItem\",\"position\":1,\"name\":\"Home\",\"item\":\"https:\/\/apkrks.net\/\"},{\"@type\":\"ListItem\",\"position\":2,\"name\":\"Forest Camp 2024 Kicks Off in Novo Brdo\/Novob\u00ebrd\u00eb with EU and Sweden Support to Foster Sustainable Forest Management and Rural Development\"}]},{\"@type\":\"WebSite\",\"@id\":\"https:\/\/apkrks.net\/sq\/#website\",\"url\":\"https:\/\/apkrks.net\/sq\/\",\"name\":\"Agjencia Pyjore e Kosov\u00ebs\",\"description\":\"\",\"publisher\":{\"@id\":\"https:\/\/apkrks.net\/sq\/#organization\"},\"alternateName\":\"Agjencioni Pyjor i Kosov\u00ebs\",\"potentialAction\":[{\"@type\":\"SearchAction\",\"target\":{\"@type\":\"EntryPoint\",\"urlTemplate\":\"https:\/\/apkrks.net\/sq\/?s={search_term_string}\"},\"query-input\":{\"@type\":\"PropertyValueSpecification\",\"valueRequired\":true,\"valueName\":\"search_term_string\"}}],\"inLanguage\":\"sq\"},{\"@type\":\"Organization\",\"@id\":\"https:\/\/apkrks.net\/sq\/#organization\",\"name\":\"Agjencia Pyjore e Kosov\u00ebs\",\"alternateName\":\"Agjencioni Pyjor i Kosov\u00ebs\",\"url\":\"https:\/\/apkrks.net\/sq\/\",\"logo\":{\"@type\":\"ImageObject\",\"inLanguage\":\"sq\",\"@id\":\"https:\/\/apkrks.net\/sq\/#\/schema\/logo\/image\/\",\"url\":\"https:\/\/apkrks.net\/wp-content\/uploads\/2024\/06\/Emblema_e_qeverise_se_kosoves.png\",\"contentUrl\":\"https:\/\/apkrks.net\/wp-content\/uploads\/2024\/06\/Emblema_e_qeverise_se_kosoves.png\",\"width\":217,\"height\":240,\"caption\":\"Agjencia Pyjore e Kosov\u00ebs\"},\"image\":{\"@id\":\"https:\/\/apkrks.net\/sq\/#\/schema\/logo\/image\/\"},\"sameAs\":[\"https:\/\/www.facebook.com\/profile.php?id=100064789090459\",\"https:\/\/www.youtube.com\/@AgjenciaPyjoreeKosoves\"]}]}<\/script>\n<!-- \/ Yoast SEO plugin. -->","yoast_head_json":{"title":"Forest Camp 2024 Kicks Off in Novo Brdo\/Novob\u00ebrd\u00eb with EU and Sweden Support to Foster Sustainable Forest Management and Rural Development","robots":{"index":"index","follow":"follow","max-snippet":"max-snippet:-1","max-image-preview":"max-image-preview:large","max-video-preview":"max-video-preview:-1"},"canonical":"https:\/\/apkrks.net\/sq\/ceremonies\/the-2024-forestry-camp-opens-in-novoberde-supported-by-the-eu-and-sweden-and-implemented-by-fao\/","schema":{"@context":"https:\/\/schema.org","@graph":[{"@type":"Article","@id":"https:\/\/apkrks.net\/ceremonies\/the-2024-forestry-camp-opens-in-novoberde-supported-by-the-eu-and-sweden-and-implemented-by-fao#article","isPartOf":{"@id":"https:\/\/apkrks.net\/ceremonies\/the-2024-forestry-camp-opens-in-novoberde-supported-by-the-eu-and-sweden-and-implemented-by-fao"},"headline":"Forest Camp 2024 Kicks Off in Novo Brdo\/Novob\u00ebrd\u00eb with EU and Sweden Support to Foster Sustainable Forest Management and Rural Development","datePublished":"2024-10-26T12:25:47+00:00","dateModified":"2024-10-29T15:56:46+00:00","mainEntityOfPage":{"@id":"https:\/\/apkrks.net\/ceremonies\/the-2024-forestry-camp-opens-in-novoberde-supported-by-the-eu-and-sweden-and-implemented-by-fao"},"wordCount":826,"publisher":{"@id":"https:\/\/apkrks.net\/sq\/#organization"},"image":{"@id":"https:\/\/apkrks.net\/ceremonies\/the-2024-forestry-camp-opens-in-novoberde-supported-by-the-eu-and-sweden-and-implemented-by-fao#primaryimage"},"thumbnailUrl":"https:\/\/apkrks.net\/wp-content\/uploads\/2024\/10\/parkupyjor1.jpeg","articleSection":["Ceremonies"],"inLanguage":"sq"},{"@type":"WebPage","@id":"https:\/\/apkrks.net\/ceremonies\/the-2024-forestry-camp-opens-in-novoberde-supported-by-the-eu-and-sweden-and-implemented-by-fao","url":"https:\/\/apkrks.net\/ceremonies\/the-2024-forestry-camp-opens-in-novoberde-supported-by-the-eu-and-sweden-and-implemented-by-fao","name":"Forest Camp 2024 Kicks Off in Novo Brdo\/Novob\u00ebrd\u00eb with EU and Sweden Support to Foster Sustainable Forest Management and Rural Development","isPartOf":{"@id":"https:\/\/apkrks.net\/sq\/#website"},"primaryImageOfPage":{"@id":"https:\/\/apkrks.net\/ceremonies\/the-2024-forestry-camp-opens-in-novoberde-supported-by-the-eu-and-sweden-and-implemented-by-fao#primaryimage"},"image":{"@id":"https:\/\/apkrks.net\/ceremonies\/the-2024-forestry-camp-opens-in-novoberde-supported-by-the-eu-and-sweden-and-implemented-by-fao#primaryimage"},"thumbnailUrl":"https:\/\/apkrks.net\/wp-content\/uploads\/2024\/10\/parkupyjor1.jpeg","datePublished":"2024-10-26T12:25:47+00:00","dateModified":"2024-10-29T15:56:46+00:00","breadcrumb":{"@id":"https:\/\/apkrks.net\/ceremonies\/the-2024-forestry-camp-opens-in-novoberde-supported-by-the-eu-and-sweden-and-implemented-by-fao#breadcrumb"},"inLanguage":"sq","potentialAction":[{"@type":"ReadAction","target":["https:\/\/apkrks.net\/ceremonies\/the-2024-forestry-camp-opens-in-novoberde-supported-by-the-eu-and-sweden-and-implemented-by-fao"]}]},{"@type":"ImageObject","inLanguage":"sq","@id":"https:\/\/apkrks.net\/ceremonies\/the-2024-forestry-camp-opens-in-novoberde-supported-by-the-eu-and-sweden-and-implemented-by-fao#primaryimage","url":"https:\/\/apkrks.net\/wp-content\/uploads\/2024\/10\/parkupyjor1.jpeg","contentUrl":"https:\/\/apkrks.net\/wp-content\/uploads\/2024\/10\/parkupyjor1.jpeg","width":900,"height":600},{"@type":"BreadcrumbList","@id":"https:\/\/apkrks.net\/ceremonies\/the-2024-forestry-camp-opens-in-novoberde-supported-by-the-eu-and-sweden-and-implemented-by-fao#breadcrumb","itemListElement":[{"@type":"ListItem","position":1,"name":"Home","item":"https:\/\/apkrks.net\/"},{"@type":"ListItem","position":2,"name":"Forest Camp 2024 Kicks Off in Novo Brdo\/Novob\u00ebrd\u00eb with EU and Sweden Support to Foster Sustainable Forest Management and Rural Development"}]},{"@type":"WebSite","@id":"https:\/\/apkrks.net\/sq\/#website","url":"https:\/\/apkrks.net\/sq\/","name":"Agjencia Pyjore e Kosov\u00ebs","description":"","publisher":{"@id":"https:\/\/apkrks.net\/sq\/#organization"},"alternateName":"Agjencioni Pyjor i Kosov\u00ebs","potentialAction":[{"@type":"SearchAction","target":{"@type":"EntryPoint","urlTemplate":"https:\/\/apkrks.net\/sq\/?s={search_term_string}"},"query-input":{"@type":"PropertyValueSpecification","valueRequired":true,"valueName":"search_term_string"}}],"inLanguage":"sq"},{"@type":"Organization","@id":"https:\/\/apkrks.net\/sq\/#organization","name":"Agjencia Pyjore e Kosov\u00ebs","alternateName":"Agjencioni Pyjor i Kosov\u00ebs","url":"https:\/\/apkrks.net\/sq\/","logo":{"@type":"ImageObject","inLanguage":"sq","@id":"https:\/\/apkrks.net\/sq\/#\/schema\/logo\/image\/","url":"https:\/\/apkrks.net\/wp-content\/uploads\/2024\/06\/Emblema_e_qeverise_se_kosoves.png","contentUrl":"https:\/\/apkrks.net\/wp-content\/uploads\/2024\/06\/Emblema_e_qeverise_se_kosoves.png","width":217,"height":240,"caption":"Agjencia Pyjore e Kosov\u00ebs"},"image":{"@id":"https:\/\/apkrks.net\/sq\/#\/schema\/logo\/image\/"},"sameAs":["https:\/\/www.facebook.com\/profile.php?id=100064789090459","https:\/\/www.youtube.com\/@AgjenciaPyjoreeKosoves"]}]}},"_links":{"self":[{"href":"https:\/\/apkrks.net\/sq\/wp-json\/wp\/v2\/posts\/9310"}],"collection":[{"href":"https:\/\/apkrks.net\/sq\/wp-json\/wp\/v2\/posts"}],"about":[{"href":"https:\/\/apkrks.net\/sq\/wp-json\/wp\/v2\/types\/post"}],"author":[{"embeddable":true,"href":"https:\/\/apkrks.net\/sq\/wp-json\/wp\/v2\/users\/1"}],"replies":[{"embeddable":true,"href":"https:\/\/apkrks.net\/sq\/wp-json\/wp\/v2\/comments?post=9310"}],"version-history":[{"count":6,"href":"https:\/\/apkrks.net\/sq\/wp-json\/wp\/v2\/posts\/9310\/revisions"}],"predecessor-version":[{"id":9324,"href":"https:\/\/apkrks.net\/sq\/wp-json\/wp\/v2\/posts\/9310\/revisions\/9324"}],"wp:featuredmedia":[{"embeddable":true,"href":"https:\/\/apkrks.net\/sq\/wp-json\/wp\/v2\/media\/9320"}],"wp:attachment":[{"href":"https:\/\/apkrks.net\/sq\/wp-json\/wp\/v2\/media?parent=9310"}],"wp:term":[{"taxonomy":"category","embeddable":true,"href":"https:\/\/apkrks.net\/sq\/wp-json\/wp\/v2\/categories?post=9310"},{"taxonomy":"post_tag","embeddable":true,"href":"https:\/\/apkrks.net\/sq\/wp-json\/wp\/v2\/tags?post=9310"}],"curies":[{"name":"wp","href":"https:\/\/api.w.org\/{rel}","templated":true}]}}