{"id":9383,"date":"2024-09-24T08:15:40","date_gmt":"2024-09-24T08:15:40","guid":{"rendered":"https:\/\/apkrks.net\/?p=9383"},"modified":"2024-10-29T15:56:46","modified_gmt":"2024-10-29T15:56:46","slug":"with-eu-and-sweden-support-women-in-istog-istok-launch-new-organic-tea-production-line-boosting-sustainable-forestry-and-job-creation","status":"publish","type":"post","link":"https:\/\/apkrks.net\/sq\/ceremonies\/with-eu-and-sweden-support-women-in-istog-istok-launch-new-organic-tea-production-line-boosting-sustainable-forestry-and-job-creation","title":{"rendered":"Me Mb\u00ebshtetjen e BE-s\u00eb dhe Suedis\u00eb, Grat\u00eb n\u00eb Istog Nisin Linj\u00ebn e Re t\u00eb Prodhimit t\u00eb \u00c7ajit Organik, Duke Forcuar Pylltarin\u00eb e Q\u00ebndrueshme dhe Krijimin e Vendeve t\u00eb Pun\u00ebs"},"content":{"rendered":"<div class=\"styled-body selectionShareable\">\n<div class=\"clearfix text-formatted field field--name-field-text-intro field--type-text-long field--label-hidden field__item selectionShareable\">\n<p class=\"selectionShareable\">Sot, n\u00eb Istog\/Istok u zhvillua hapja zyrtare e linj\u00ebs lokale t\u00eb prodhimit t\u00eb \u00e7ajit organik me filtra, si pjes\u00eb e programit t\u00eb financuar nga BE-ja dhe Suedia<\/p>\n<p class=\"selectionShareable\">E mart\u00eb, 24 Shtator 2024 \u2013 Sot u zhvillua hapja zyrtare e linj\u00ebs lokale t\u00eb prodhimit t\u00eb \u00e7ajit organik me filtra n\u00eb Istog, si pjes\u00eb e programit t\u00eb financuar nga BE-ja dhe Suedia \"Mb\u00ebshtetje p\u00ebr Forcimin e Menaxhimit t\u00eb Q\u00ebndruesh\u00ebm dhe Multifunksional t\u00eb Pyjeve p\u00ebr P\u00ebrmir\u00ebsimin e Jetes\u00ebs n\u00eb Zonat Rurale dhe P\u00ebrballjen me Ndryshimet Klimatike n\u00eb Kosov\u00eb.\" Ky program zbatohet nga Organizata e Ushqimit dhe Bujq\u00ebsis\u00eb (FAO) e Kombeve t\u00eb Bashkuara.&nbsp;<\/p>\n<\/div>\n<\/div>\n<div class=\"styled-body selectionShareable\">\n<div class=\"clearfix text-formatted field field--name-body field--type-text-with-summary field--label-hidden field__item selectionShareable\">\n<p class=\"selectionShareable\">Shoqata e Grave \"Melissa\" nga Istogu ka filluar prodhimin e \u00e7ajit organik me filtra duke p\u00ebrdorur nj\u00eb proces inovativ paketimi. Kjo linj\u00eb e re prodhimi t\u00eb \u00e7ajit, nj\u00eb model unik n\u00eb treg dhe nj\u00eb qasje e re n\u00eb paketimin e \u00e7ajit, u krijua me mb\u00ebshtetjen e programit. Pajisjet jan\u00eb dizajnuar p\u00ebr t\u00eb leht\u00ebsuar prodhimin e \u00e7ajit organik me filtra duke p\u00ebrdorur l\u00ebnd\u00eb t\u00eb para t\u00eb siguruara nga bim\u00ebt mjek\u00ebsore dhe aromatike q\u00eb rriten n\u00eb rajonin e Radush\u00ebs, t\u00eb cilat mblidhen nga an\u00ebtar\u00ebt e Shoqat\u00ebs \"Melissa\".&nbsp;<\/p>\n<p class=\"selectionShareable\">Me k\u00ebt\u00eb mb\u00ebshtetje, shoqata tani mund t'i shtoj\u00eb vler\u00eb produkteve t\u00eb mbledhura, duke p\u00ebrmbyllur k\u00ebshtu zinxhirin e vler\u00ebs s\u00eb produkteve t\u00eb lidhura me pylltarin\u00eb, si bim\u00ebt mjek\u00ebsore dhe aromatike.&nbsp;<\/p>\n<p class=\"selectionShareable\">P\u00ebr m\u00eb tep\u00ebr, an\u00ebtar\u00ebt e Shoqat\u00ebs s\u00eb Grave do t\u00eb trefishojn\u00eb sasin\u00eb e bim\u00ebve aromatike dhe mjek\u00ebsore t\u00eb mbledhura n\u00eb Radush\u00eb dhe do t\u00eb prodhojn\u00eb nj\u00eb mark\u00eb t\u00eb re \u00e7aji organik me filtra n\u00eb Kosov\u00eb, t\u00eb quajtur \"Melissa.\"&nbsp;<\/p>\n<p class=\"selectionShareable\">Kjo linj\u00eb prodhimi pritet t\u00eb krijoj\u00eb vende t\u00eb reja pune, p\u00ebrfshir\u00eb tre pozicione me koh\u00eb t\u00eb plot\u00eb p\u00ebr grat\u00eb n\u00eb faz\u00ebn e p\u00ebrpunimit dhe 25 vende pune me koh\u00eb t\u00eb pjesshme p\u00ebr mbledhjen e bim\u00ebve dhe dor\u00ebzimin e produkteve p\u00ebr p\u00ebrpunim.<\/p>\n<p class=\"selectionShareable\">Mbledhja e produkteve pyjore jo-drur\u00eb, p\u00ebrfshir\u00eb bim\u00ebt mjek\u00ebsore dhe aromatike, nga an\u00ebtar\u00ebt e shoqat\u00ebs do t\u00eb udh\u00ebhiqet nga Plani i Ri i Menaxhimit Multifunksional t\u00eb Pyjeve p\u00ebr rajonin e Radush\u00ebs. Ky plan siguron q\u00eb procesi i mbledhjes t\u00eb mb\u00ebshtes\u00eb q\u00ebndrueshm\u00ebrin\u00eb e burimeve pyjore.&nbsp;<\/p>\n<p class=\"selectionShareable\">N\u00eb ngjarje mor\u00ebn pjes\u00eb p\u00ebrfaq\u00ebsues t\u00eb Bashkimit Evropian n\u00eb Kosov\u00eb, Ambasada e Suedis\u00eb n\u00eb Prishtin\u00eb, Organizata e Ushqimit dhe Bujq\u00ebsis\u00eb e Kombeve t\u00eb Bashkuara (FAO), Komuna e Istogut, Shoqata e Grave \"Melissa\" dhe bizneset lokale.<\/p>\n<p class=\"selectionShareable\">Gjat\u00eb ngjarjes, p\u00ebrfaq\u00ebsuesit e k\u00ebtyre organizatave n\u00ebnvizuan r\u00ebnd\u00ebsin\u00eb e projektit dhe rolin kritik q\u00eb luajn\u00eb grat\u00eb n\u00eb rritjen e nd\u00ebrgjegj\u00ebsimit t\u00eb komunitetit p\u00ebr p\u00ebrdorimin e q\u00ebndruesh\u00ebm t\u00eb burimeve pyjore dhe sfidat e ndryshimeve klimatike. Pjes\u00ebmarr\u00ebsit shpreh\u00ebn p\u00ebrkushtimin e tyre p\u00ebr t\u00eb vazhduar p\u00ebrpjekjet drejt nj\u00eb t\u00eb ardhmeje m\u00eb t\u00eb q\u00ebndrueshme n\u00eb menaxhimin e pyjeve dhe mbrojtjen e mjedisit.<\/p>\n<p class=\"selectionShareable\">Olivier Boudart, Udh\u00ebheq\u00ebs i Ekipit p\u00ebr Agjend\u00ebn e Gjelb\u00ebr dhe Zhvillimin Territorial n\u00eb Zyr\u00ebn e BE-s\u00eb n\u00eb Kosov\u00eb, theksoi potencialin afatgjat\u00eb t\u00eb menaxhimit t\u00eb q\u00ebndruesh\u00ebm t\u00eb pyjeve.<\/p>\n<figure id=\"attachment_9387\" aria-describedby=\"caption-attachment-9387\" style=\"width: 900px\" class=\"wp-caption alignnone\"><img fetchpriority=\"high\" decoding=\"async\" class=\"wp-image-9387 size-full\" src=\"https:\/\/apkrks.net\/wp-content\/uploads\/2024\/10\/Olivier-Boudart.jpg\" alt=\"\" width=\"900\" height=\"600\" srcset=\"https:\/\/apkrks.net\/wp-content\/uploads\/2024\/10\/Olivier-Boudart.jpg 900w, https:\/\/apkrks.net\/wp-content\/uploads\/2024\/10\/Olivier-Boudart-300x200.jpg 300w, https:\/\/apkrks.net\/wp-content\/uploads\/2024\/10\/Olivier-Boudart-768x512.jpg 768w, https:\/\/apkrks.net\/wp-content\/uploads\/2024\/10\/Olivier-Boudart-18x12.jpg 18w\" sizes=\"(max-width: 900px) 100vw, 900px\" \/><figcaption id=\"caption-attachment-9387\" class=\"wp-caption-text\">Olivier Boudart, udh\u00ebheq\u00ebs i ekipit p\u00ebr Agjend\u00ebn e Gjelb\u00ebr dhe Zhvillimin Territorial n\u00eb Zyr\u00ebn e BE-s\u00eb n\u00eb Kosov\u00eb<\/figcaption><\/figure>\n<\/div>\n<p class=\"selectionShareable\">\"Shoqata 'Melissa' \u00ebsht\u00eb nj\u00eb shembull se si pyjet, kur menaxhohen n\u00eb m\u00ebnyr\u00eb t\u00eb q\u00ebndrueshme, mund t\u00eb japin shum\u00eb m\u00eb tep\u00ebr. Ne shpresojm\u00eb se pajisjet q\u00eb po dor\u00ebzojm\u00eb sot do t\u00eb p\u00ebrmir\u00ebsojn\u00eb ndjesh\u00ebm zinxhirin e vler\u00ebs p\u00ebr k\u00ebto bim\u00eb, duke forcuar m\u00eb tej q\u00ebndrueshm\u00ebrin\u00eb ekonomike t\u00eb Shoqat\u00ebs Melissa,\" tha Bourdart.<\/p>\n<p class=\"selectionShareable\">Henrik Riby, Z\u00ebvend\u00ebsshefi i Misionit n\u00eb Ambasad\u00ebn e Suedis\u00eb, shprehu krenarin\u00eb p\u00ebr mb\u00ebshtetjen e k\u00ebsaj nisme dhe ndau shpresat e tij q\u00eb pajisjet e dhuruara p\u00ebr Shoqat\u00ebn Melissa do t'i ndihmojn\u00eb ato t\u00eb b\u00ebjn\u00eb produktet e tyre m\u00eb t\u00eb arritshme n\u00eb Kosov\u00eb dhe ndoshta edhe p\u00ebr eksport.<\/p>\n<\/div>\n<p>&nbsp;<\/p>\n<div class=\"styled-body selectionShareable\">\n<figure id=\"attachment_9394\" aria-describedby=\"caption-attachment-9394\" style=\"width: 900px\" class=\"wp-caption alignnone\"><img decoding=\"async\" class=\"wp-image-9394 size-full\" src=\"https:\/\/apkrks.net\/wp-content\/uploads\/2024\/10\/Henrik-Riby.jpg\" alt=\"\" width=\"900\" height=\"600\" srcset=\"https:\/\/apkrks.net\/wp-content\/uploads\/2024\/10\/Henrik-Riby.jpg 900w, https:\/\/apkrks.net\/wp-content\/uploads\/2024\/10\/Henrik-Riby-300x200.jpg 300w, https:\/\/apkrks.net\/wp-content\/uploads\/2024\/10\/Henrik-Riby-768x512.jpg 768w, https:\/\/apkrks.net\/wp-content\/uploads\/2024\/10\/Henrik-Riby-18x12.jpg 18w\" sizes=\"(max-width: 900px) 100vw, 900px\" \/><figcaption id=\"caption-attachment-9394\" class=\"wp-caption-text\">Henrik Riby, Z\u00ebvend\u00ebs Shef i Misionit n\u00eb Ambasad\u00ebn e Suedis\u00eb<\/figcaption><\/figure>\n<\/div>\n<p class=\"selectionShareable\">\"Jemi shum\u00eb krenar\u00eb q\u00eb ju mb\u00ebshtesim n\u00eb k\u00ebt\u00eb m\u00ebnyr\u00eb, s\u00eb bashku me BE-n\u00eb, FAO-n\u00eb dhe Ministrin\u00eb, sepse besojm\u00eb se puna e palodhur dhe mir\u00ebkuptimi i zinxhirit t\u00eb vler\u00ebs mund t\u00eb ndryshojn\u00eb jet\u00ebn,\" tha Riby.<\/p>\n<p class=\"selectionShareable\">Ali Nimanaj, N\u00ebnkryetari i Komun\u00ebs s\u00eb Istogut, vuri n\u00eb dukje pasurit\u00eb e m\u00ebdha natyrore t\u00eb rajonit dhe tradit\u00ebn e tij n\u00eb prodhimin e \u00e7ajrave organik\u00eb.&nbsp;<\/p>\n<p class=\"selectionShareable\">\"Komuna e Istogut ve\u00e7ohet p\u00ebr pasurit\u00eb e saj natyrore. Ka male, dhe p\u00ebrmes natyr\u00ebs, k\u00ebto bim\u00eb aromatike mjek\u00ebsore jan\u00eb t\u00eb lidhura. P\u00ebrve\u00e7 p\u00ebrdorimeve t\u00eb ndryshme ushqimore, k\u00ebto bim\u00eb kontribuojn\u00eb n\u00eb zhvillimin ekonomik dhe fuqizimin e grave,\" tha Nimanaj.<\/p>\n<p class=\"selectionShareable\">Gjat\u00eb ceremonis\u00eb s\u00eb hapjes, u krye nj\u00eb demonstrim p\u00ebr t\u00eb treguar funksionalitetin e pajisjeve t\u00eb dizajnuara p\u00ebr t\u00eb leht\u00ebsuar prodhimin e \u00e7ajit organik.<\/p>\n<figure id=\"attachment_9398\" aria-describedby=\"caption-attachment-9398\" style=\"width: 300px\" class=\"wp-caption alignleft\"><img decoding=\"async\" class=\"wp-image-9398 size-medium\" src=\"https:\/\/apkrks.net\/wp-content\/uploads\/2024\/10\/cutting-edge-machines-300x200.jpg\" alt=\"\" width=\"300\" height=\"200\" srcset=\"https:\/\/apkrks.net\/wp-content\/uploads\/2024\/10\/cutting-edge-machines-300x200.jpg 300w, https:\/\/apkrks.net\/wp-content\/uploads\/2024\/10\/cutting-edge-machines-768x512.jpg 768w, https:\/\/apkrks.net\/wp-content\/uploads\/2024\/10\/cutting-edge-machines-18x12.jpg 18w, https:\/\/apkrks.net\/wp-content\/uploads\/2024\/10\/cutting-edge-machines.jpg 900w\" sizes=\"(max-width: 300px) 100vw, 300px\" \/><figcaption id=\"caption-attachment-9398\" class=\"wp-caption-text\">Makinerit\u00eb m\u00eb moderne sjellin esenc\u00ebn e tok\u00ebs tek bim\u00ebt n\u00eb jet\u00eb<\/figcaption><\/figure>\n<figure id=\"attachment_9405\" aria-describedby=\"caption-attachment-9405\" style=\"width: 300px\" class=\"wp-caption alignleft\"><img loading=\"lazy\" decoding=\"async\" class=\"wp-image-9405 size-medium\" src=\"https:\/\/apkrks.net\/wp-content\/uploads\/2024\/10\/sorting-and-packing-300x200.jpg\" alt=\"\" width=\"300\" height=\"200\" srcset=\"https:\/\/apkrks.net\/wp-content\/uploads\/2024\/10\/sorting-and-packing-300x200.jpg 300w, https:\/\/apkrks.net\/wp-content\/uploads\/2024\/10\/sorting-and-packing-768x512.jpg 768w, https:\/\/apkrks.net\/wp-content\/uploads\/2024\/10\/sorting-and-packing-18x12.jpg 18w, https:\/\/apkrks.net\/wp-content\/uploads\/2024\/10\/sorting-and-packing.jpg 900w\" sizes=\"(max-width: 300px) 100vw, 300px\" \/><figcaption id=\"caption-attachment-9405\" class=\"wp-caption-text\">Makina e selektimit dhe paketimit siguron q\u00eb \u00e7do bim\u00eb t\u00eb p\u00ebrgatitet me kujdes dhe t\u00eb paketohet n\u00eb m\u00ebnyr\u00eb t\u00eb p\u00ebrkryer p\u00ebr pijen e radh\u00ebs.<\/figcaption><\/figure>\n<figure id=\"attachment_9406\" aria-describedby=\"caption-attachment-9406\" style=\"width: 300px\" class=\"wp-caption alignleft\"><img loading=\"lazy\" decoding=\"async\" class=\"wp-image-9406 size-medium\" src=\"https:\/\/apkrks.net\/wp-content\/uploads\/2024\/10\/photo5-300x200.jpg\" alt=\"\" width=\"300\" height=\"200\" srcset=\"https:\/\/apkrks.net\/wp-content\/uploads\/2024\/10\/photo5-300x200.jpg 300w, https:\/\/apkrks.net\/wp-content\/uploads\/2024\/10\/photo5-768x512.jpg 768w, https:\/\/apkrks.net\/wp-content\/uploads\/2024\/10\/photo5-18x12.jpg 18w, https:\/\/apkrks.net\/wp-content\/uploads\/2024\/10\/photo5.jpg 900w\" sizes=\"(max-width: 300px) 100vw, 300px\" \/><figcaption id=\"caption-attachment-9406\" class=\"wp-caption-text\">P\u00ebrpik\u00ebri n\u00eb \u00e7do hap \u2014 procesi yn\u00eb i prodhimit p\u00ebrzgjedh, paketon dhe ruan me kujdes past\u00ebrtin\u00eb e \u00e7do bime.<\/figcaption><\/figure>","protected":false},"excerpt":{"rendered":"<p>Today, the official launch of the local organic filter tea production line took place in Istog\/Istok, as part of the EU and Sweden Tuesday, 24 September 2024 \u2013 Today, the official launch of the local organic filter tea production line took place in Istog\/Istok, as part of the EU and Sweden \u2013 funded programme &#8220;Support [&hellip;]<\/p>","protected":false},"author":1,"featured_media":9417,"comment_status":"closed","ping_status":"open","sticky":false,"template":"","format":"standard","meta":{"inline_featured_image":false,"ngg_post_thumbnail":0,"footnotes":""},"categories":[47],"tags":[],"class_list":["post-9383","post","type-post","status-publish","format-standard","has-post-thumbnail","hentry","category-ceremonies"],"yoast_head":"<!-- This site is optimized with the Yoast SEO plugin v25.5 - https:\/\/yoast.com\/wordpress\/plugins\/seo\/ -->\n<title>With EU and Sweden Support, Women in Istog\/Istok Launch New Organic Tea Production Line, Boosting Sustainable Forestry and Job Creation<\/title>\n<meta name=\"robots\" content=\"index, follow, max-snippet:-1, max-image-preview:large, max-video-preview:-1\" \/>\n<link rel=\"canonical\" href=\"https:\/\/apkrks.net\/sq\/ceremonies\/with-eu-and-sweden-support-women-in-istog-istok-launch-new-organic-tea-production-line-boosting-sustainable-forestry-and-job-creation\/\" \/>\n<script type=\"application\/ld+json\" class=\"yoast-schema-graph\">{\"@context\":\"https:\/\/schema.org\",\"@graph\":[{\"@type\":\"Article\",\"@id\":\"https:\/\/apkrks.net\/ceremonies\/with-eu-and-sweden-support-women-in-istog-istok-launch-new-organic-tea-production-line-boosting-sustainable-forestry-and-job-creation#article\",\"isPartOf\":{\"@id\":\"https:\/\/apkrks.net\/ceremonies\/with-eu-and-sweden-support-women-in-istog-istok-launch-new-organic-tea-production-line-boosting-sustainable-forestry-and-job-creation\"},\"headline\":\"With EU and Sweden Support, Women in Istog\/Istok Launch New Organic Tea Production Line, Boosting Sustainable Forestry and Job Creation\",\"datePublished\":\"2024-09-24T08:15:40+00:00\",\"dateModified\":\"2024-10-29T15:56:46+00:00\",\"mainEntityOfPage\":{\"@id\":\"https:\/\/apkrks.net\/ceremonies\/with-eu-and-sweden-support-women-in-istog-istok-launch-new-organic-tea-production-line-boosting-sustainable-forestry-and-job-creation\"},\"wordCount\":779,\"publisher\":{\"@id\":\"https:\/\/apkrks.net\/sq\/#organization\"},\"image\":{\"@id\":\"https:\/\/apkrks.net\/ceremonies\/with-eu-and-sweden-support-women-in-istog-istok-launch-new-organic-tea-production-line-boosting-sustainable-forestry-and-job-creation#primaryimage\"},\"thumbnailUrl\":\"https:\/\/apkrks.net\/wp-content\/uploads\/2024\/09\/1_4.jpg\",\"articleSection\":[\"Ceremonies\"],\"inLanguage\":\"sq\"},{\"@type\":\"WebPage\",\"@id\":\"https:\/\/apkrks.net\/ceremonies\/with-eu-and-sweden-support-women-in-istog-istok-launch-new-organic-tea-production-line-boosting-sustainable-forestry-and-job-creation\",\"url\":\"https:\/\/apkrks.net\/ceremonies\/with-eu-and-sweden-support-women-in-istog-istok-launch-new-organic-tea-production-line-boosting-sustainable-forestry-and-job-creation\",\"name\":\"With EU and Sweden Support, Women in Istog\/Istok Launch New Organic Tea Production Line, Boosting Sustainable Forestry and Job Creation\",\"isPartOf\":{\"@id\":\"https:\/\/apkrks.net\/sq\/#website\"},\"primaryImageOfPage\":{\"@id\":\"https:\/\/apkrks.net\/ceremonies\/with-eu-and-sweden-support-women-in-istog-istok-launch-new-organic-tea-production-line-boosting-sustainable-forestry-and-job-creation#primaryimage\"},\"image\":{\"@id\":\"https:\/\/apkrks.net\/ceremonies\/with-eu-and-sweden-support-women-in-istog-istok-launch-new-organic-tea-production-line-boosting-sustainable-forestry-and-job-creation#primaryimage\"},\"thumbnailUrl\":\"https:\/\/apkrks.net\/wp-content\/uploads\/2024\/09\/1_4.jpg\",\"datePublished\":\"2024-09-24T08:15:40+00:00\",\"dateModified\":\"2024-10-29T15:56:46+00:00\",\"breadcrumb\":{\"@id\":\"https:\/\/apkrks.net\/ceremonies\/with-eu-and-sweden-support-women-in-istog-istok-launch-new-organic-tea-production-line-boosting-sustainable-forestry-and-job-creation#breadcrumb\"},\"inLanguage\":\"sq\",\"potentialAction\":[{\"@type\":\"ReadAction\",\"target\":[\"https:\/\/apkrks.net\/ceremonies\/with-eu-and-sweden-support-women-in-istog-istok-launch-new-organic-tea-production-line-boosting-sustainable-forestry-and-job-creation\"]}]},{\"@type\":\"ImageObject\",\"inLanguage\":\"sq\",\"@id\":\"https:\/\/apkrks.net\/ceremonies\/with-eu-and-sweden-support-women-in-istog-istok-launch-new-organic-tea-production-line-boosting-sustainable-forestry-and-job-creation#primaryimage\",\"url\":\"https:\/\/apkrks.net\/wp-content\/uploads\/2024\/09\/1_4.jpg\",\"contentUrl\":\"https:\/\/apkrks.net\/wp-content\/uploads\/2024\/09\/1_4.jpg\",\"width\":900,\"height\":600},{\"@type\":\"BreadcrumbList\",\"@id\":\"https:\/\/apkrks.net\/ceremonies\/with-eu-and-sweden-support-women-in-istog-istok-launch-new-organic-tea-production-line-boosting-sustainable-forestry-and-job-creation#breadcrumb\",\"itemListElement\":[{\"@type\":\"ListItem\",\"position\":1,\"name\":\"Home\",\"item\":\"https:\/\/apkrks.net\/\"},{\"@type\":\"ListItem\",\"position\":2,\"name\":\"With EU and Sweden Support, Women in Istog\/Istok Launch New Organic Tea Production Line, Boosting Sustainable Forestry and Job Creation\"}]},{\"@type\":\"WebSite\",\"@id\":\"https:\/\/apkrks.net\/sq\/#website\",\"url\":\"https:\/\/apkrks.net\/sq\/\",\"name\":\"Agjencia Pyjore e Kosov\u00ebs\",\"description\":\"\",\"publisher\":{\"@id\":\"https:\/\/apkrks.net\/sq\/#organization\"},\"alternateName\":\"Agjencioni Pyjor i Kosov\u00ebs\",\"potentialAction\":[{\"@type\":\"SearchAction\",\"target\":{\"@type\":\"EntryPoint\",\"urlTemplate\":\"https:\/\/apkrks.net\/sq\/?s={search_term_string}\"},\"query-input\":{\"@type\":\"PropertyValueSpecification\",\"valueRequired\":true,\"valueName\":\"search_term_string\"}}],\"inLanguage\":\"sq\"},{\"@type\":\"Organization\",\"@id\":\"https:\/\/apkrks.net\/sq\/#organization\",\"name\":\"Agjencia Pyjore e Kosov\u00ebs\",\"alternateName\":\"Agjencioni Pyjor i Kosov\u00ebs\",\"url\":\"https:\/\/apkrks.net\/sq\/\",\"logo\":{\"@type\":\"ImageObject\",\"inLanguage\":\"sq\",\"@id\":\"https:\/\/apkrks.net\/sq\/#\/schema\/logo\/image\/\",\"url\":\"https:\/\/apkrks.net\/wp-content\/uploads\/2024\/06\/Emblema_e_qeverise_se_kosoves.png\",\"contentUrl\":\"https:\/\/apkrks.net\/wp-content\/uploads\/2024\/06\/Emblema_e_qeverise_se_kosoves.png\",\"width\":217,\"height\":240,\"caption\":\"Agjencia Pyjore e Kosov\u00ebs\"},\"image\":{\"@id\":\"https:\/\/apkrks.net\/sq\/#\/schema\/logo\/image\/\"},\"sameAs\":[\"https:\/\/www.facebook.com\/profile.php?id=100064789090459\",\"https:\/\/www.youtube.com\/@AgjenciaPyjoreeKosoves\"]}]}<\/script>\n<!-- \/ Yoast SEO plugin. -->","yoast_head_json":{"title":"With EU and Sweden Support, Women in Istog\/Istok Launch New Organic Tea Production Line, Boosting Sustainable Forestry and Job Creation","robots":{"index":"index","follow":"follow","max-snippet":"max-snippet:-1","max-image-preview":"max-image-preview:large","max-video-preview":"max-video-preview:-1"},"canonical":"https:\/\/apkrks.net\/sq\/ceremonies\/with-eu-and-sweden-support-women-in-istog-istok-launch-new-organic-tea-production-line-boosting-sustainable-forestry-and-job-creation\/","schema":{"@context":"https:\/\/schema.org","@graph":[{"@type":"Article","@id":"https:\/\/apkrks.net\/ceremonies\/with-eu-and-sweden-support-women-in-istog-istok-launch-new-organic-tea-production-line-boosting-sustainable-forestry-and-job-creation#article","isPartOf":{"@id":"https:\/\/apkrks.net\/ceremonies\/with-eu-and-sweden-support-women-in-istog-istok-launch-new-organic-tea-production-line-boosting-sustainable-forestry-and-job-creation"},"headline":"With EU and Sweden Support, Women in Istog\/Istok Launch New Organic Tea Production Line, Boosting Sustainable Forestry and Job Creation","datePublished":"2024-09-24T08:15:40+00:00","dateModified":"2024-10-29T15:56:46+00:00","mainEntityOfPage":{"@id":"https:\/\/apkrks.net\/ceremonies\/with-eu-and-sweden-support-women-in-istog-istok-launch-new-organic-tea-production-line-boosting-sustainable-forestry-and-job-creation"},"wordCount":779,"publisher":{"@id":"https:\/\/apkrks.net\/sq\/#organization"},"image":{"@id":"https:\/\/apkrks.net\/ceremonies\/with-eu-and-sweden-support-women-in-istog-istok-launch-new-organic-tea-production-line-boosting-sustainable-forestry-and-job-creation#primaryimage"},"thumbnailUrl":"https:\/\/apkrks.net\/wp-content\/uploads\/2024\/09\/1_4.jpg","articleSection":["Ceremonies"],"inLanguage":"sq"},{"@type":"WebPage","@id":"https:\/\/apkrks.net\/ceremonies\/with-eu-and-sweden-support-women-in-istog-istok-launch-new-organic-tea-production-line-boosting-sustainable-forestry-and-job-creation","url":"https:\/\/apkrks.net\/ceremonies\/with-eu-and-sweden-support-women-in-istog-istok-launch-new-organic-tea-production-line-boosting-sustainable-forestry-and-job-creation","name":"With EU and Sweden Support, Women in Istog\/Istok Launch New Organic Tea Production Line, Boosting Sustainable Forestry and Job Creation","isPartOf":{"@id":"https:\/\/apkrks.net\/sq\/#website"},"primaryImageOfPage":{"@id":"https:\/\/apkrks.net\/ceremonies\/with-eu-and-sweden-support-women-in-istog-istok-launch-new-organic-tea-production-line-boosting-sustainable-forestry-and-job-creation#primaryimage"},"image":{"@id":"https:\/\/apkrks.net\/ceremonies\/with-eu-and-sweden-support-women-in-istog-istok-launch-new-organic-tea-production-line-boosting-sustainable-forestry-and-job-creation#primaryimage"},"thumbnailUrl":"https:\/\/apkrks.net\/wp-content\/uploads\/2024\/09\/1_4.jpg","datePublished":"2024-09-24T08:15:40+00:00","dateModified":"2024-10-29T15:56:46+00:00","breadcrumb":{"@id":"https:\/\/apkrks.net\/ceremonies\/with-eu-and-sweden-support-women-in-istog-istok-launch-new-organic-tea-production-line-boosting-sustainable-forestry-and-job-creation#breadcrumb"},"inLanguage":"sq","potentialAction":[{"@type":"ReadAction","target":["https:\/\/apkrks.net\/ceremonies\/with-eu-and-sweden-support-women-in-istog-istok-launch-new-organic-tea-production-line-boosting-sustainable-forestry-and-job-creation"]}]},{"@type":"ImageObject","inLanguage":"sq","@id":"https:\/\/apkrks.net\/ceremonies\/with-eu-and-sweden-support-women-in-istog-istok-launch-new-organic-tea-production-line-boosting-sustainable-forestry-and-job-creation#primaryimage","url":"https:\/\/apkrks.net\/wp-content\/uploads\/2024\/09\/1_4.jpg","contentUrl":"https:\/\/apkrks.net\/wp-content\/uploads\/2024\/09\/1_4.jpg","width":900,"height":600},{"@type":"BreadcrumbList","@id":"https:\/\/apkrks.net\/ceremonies\/with-eu-and-sweden-support-women-in-istog-istok-launch-new-organic-tea-production-line-boosting-sustainable-forestry-and-job-creation#breadcrumb","itemListElement":[{"@type":"ListItem","position":1,"name":"Home","item":"https:\/\/apkrks.net\/"},{"@type":"ListItem","position":2,"name":"With EU and Sweden Support, Women in Istog\/Istok Launch New Organic Tea Production Line, Boosting Sustainable Forestry and Job Creation"}]},{"@type":"WebSite","@id":"https:\/\/apkrks.net\/sq\/#website","url":"https:\/\/apkrks.net\/sq\/","name":"Agjencia Pyjore e Kosov\u00ebs","description":"","publisher":{"@id":"https:\/\/apkrks.net\/sq\/#organization"},"alternateName":"Agjencioni Pyjor i Kosov\u00ebs","potentialAction":[{"@type":"SearchAction","target":{"@type":"EntryPoint","urlTemplate":"https:\/\/apkrks.net\/sq\/?s={search_term_string}"},"query-input":{"@type":"PropertyValueSpecification","valueRequired":true,"valueName":"search_term_string"}}],"inLanguage":"sq"},{"@type":"Organization","@id":"https:\/\/apkrks.net\/sq\/#organization","name":"Agjencia Pyjore e Kosov\u00ebs","alternateName":"Agjencioni Pyjor i Kosov\u00ebs","url":"https:\/\/apkrks.net\/sq\/","logo":{"@type":"ImageObject","inLanguage":"sq","@id":"https:\/\/apkrks.net\/sq\/#\/schema\/logo\/image\/","url":"https:\/\/apkrks.net\/wp-content\/uploads\/2024\/06\/Emblema_e_qeverise_se_kosoves.png","contentUrl":"https:\/\/apkrks.net\/wp-content\/uploads\/2024\/06\/Emblema_e_qeverise_se_kosoves.png","width":217,"height":240,"caption":"Agjencia Pyjore e Kosov\u00ebs"},"image":{"@id":"https:\/\/apkrks.net\/sq\/#\/schema\/logo\/image\/"},"sameAs":["https:\/\/www.facebook.com\/profile.php?id=100064789090459","https:\/\/www.youtube.com\/@AgjenciaPyjoreeKosoves"]}]}},"_links":{"self":[{"href":"https:\/\/apkrks.net\/sq\/wp-json\/wp\/v2\/posts\/9383"}],"collection":[{"href":"https:\/\/apkrks.net\/sq\/wp-json\/wp\/v2\/posts"}],"about":[{"href":"https:\/\/apkrks.net\/sq\/wp-json\/wp\/v2\/types\/post"}],"author":[{"embeddable":true,"href":"https:\/\/apkrks.net\/sq\/wp-json\/wp\/v2\/users\/1"}],"replies":[{"embeddable":true,"href":"https:\/\/apkrks.net\/sq\/wp-json\/wp\/v2\/comments?post=9383"}],"version-history":[{"count":1,"href":"https:\/\/apkrks.net\/sq\/wp-json\/wp\/v2\/posts\/9383\/revisions"}],"predecessor-version":[{"id":9413,"href":"https:\/\/apkrks.net\/sq\/wp-json\/wp\/v2\/posts\/9383\/revisions\/9413"}],"wp:featuredmedia":[{"embeddable":true,"href":"https:\/\/apkrks.net\/sq\/wp-json\/wp\/v2\/media\/9417"}],"wp:attachment":[{"href":"https:\/\/apkrks.net\/sq\/wp-json\/wp\/v2\/media?parent=9383"}],"wp:term":[{"taxonomy":"category","embeddable":true,"href":"https:\/\/apkrks.net\/sq\/wp-json\/wp\/v2\/categories?post=9383"},{"taxonomy":"post_tag","embeddable":true,"href":"https:\/\/apkrks.net\/sq\/wp-json\/wp\/v2\/tags?post=9383"}],"curies":[{"name":"wp","href":"https:\/\/api.w.org\/{rel}","templated":true}]}}