{"id":10174,"date":"2025-02-12T10:22:02","date_gmt":"2025-02-12T10:22:02","guid":{"rendered":"https:\/\/apkrks.net\/?p=10174"},"modified":"2025-02-24T09:31:47","modified_gmt":"2025-02-24T09:31:47","slug":"workshop-on-coordination-of-activities-for-sustainable-forest-management","status":"publish","type":"post","link":"https:\/\/apkrks.net\/sr\/news\/radionica-o-koordinaciji-aktivnosti-za-odrzivo-upravljanje-sumama","title":{"rendered":"Radionica o koordinaciji aktivnosti za odr\u017eivo upravljanje \u0161umama"},"content":{"rendered":"<p>Radionica o koordinaciji aktivnosti za odr\u017eivo upravljanje \u0161umama Va\u017ena radionica odr\u017eana je u Centru za stru\u010dnu obuku za \u0161umarstvo u Blinaji, koju je organizovala Organizacija za hranu i poljoprivredu Ujedinjenih nacija (FAO) u saradnji sa Agencijom za \u0161umarstvo Kosova.<\/p>\n<p><img fetchpriority=\"high\" decoding=\"async\" class=\"alignnone wp-image-10175 size-full\" src=\"https:\/\/apkrks.net\/wp-content\/uploads\/2025\/02\/9f6a9967-ea66-4799-b979-2fe5f692e29b-1.png\" alt=\"\" width=\"895\" height=\"556\" srcset=\"https:\/\/apkrks.net\/wp-content\/uploads\/2025\/02\/9f6a9967-ea66-4799-b979-2fe5f692e29b-1.png 895w, https:\/\/apkrks.net\/wp-content\/uploads\/2025\/02\/9f6a9967-ea66-4799-b979-2fe5f692e29b-1-300x186.png 300w, https:\/\/apkrks.net\/wp-content\/uploads\/2025\/02\/9f6a9967-ea66-4799-b979-2fe5f692e29b-1-768x477.png 768w, https:\/\/apkrks.net\/wp-content\/uploads\/2025\/02\/9f6a9967-ea66-4799-b979-2fe5f692e29b-1-18x12.png 18w\" sizes=\"(max-width: 895px) 100vw, 895px\" \/><\/p>\n<p>Svrha ovog sastanka je bila da se razgovara i koordinira aktivnosti oko plana rada za 2025. godinu, kao i da se oja\u010da saradnja Agencije za \u0161umarstvo Kosova i FAO u okviru projekta \u201ePodr\u0161ka u ja\u010danju odr\u017eivog i vi\u0161enamenskog gazdovanja \u0161umama radi pobolj\u0161anja \u017eivota u ruralnim podru\u010djima i re\u0161avanja klimatskih promena na Kosovu\u201c, koji finansiraju Ambasada \u0160vedske i Evropska komisija. Tokom radionice, u\u010desnici su razgovarali o strategijama odr\u017eivog gazdovanja \u0161umama, unapre\u0111enju infrastrukture i ja\u010danju institucionalnih kapaciteta za obezbe\u0111ivanje za\u0161tite i odr\u017eivog kori\u0161c\u0301enja \u0161umskih resursa.<\/p>\n<p><img decoding=\"async\" class=\"alignnone wp-image-10171 size-full\" src=\"https:\/\/apkrks.net\/wp-content\/uploads\/2025\/02\/0aa3afc5-a1e1-4f6e-bc1e-d5f1127866da-1.png\" alt=\"\" width=\"1024\" height=\"576\" srcset=\"https:\/\/apkrks.net\/wp-content\/uploads\/2025\/02\/0aa3afc5-a1e1-4f6e-bc1e-d5f1127866da-1.png 1024w, https:\/\/apkrks.net\/wp-content\/uploads\/2025\/02\/0aa3afc5-a1e1-4f6e-bc1e-d5f1127866da-1-300x169.png 300w, https:\/\/apkrks.net\/wp-content\/uploads\/2025\/02\/0aa3afc5-a1e1-4f6e-bc1e-d5f1127866da-1-768x432.png 768w, https:\/\/apkrks.net\/wp-content\/uploads\/2025\/02\/0aa3afc5-a1e1-4f6e-bc1e-d5f1127866da-1-18x10.png 18w\" sizes=\"(max-width: 1024px) 100vw, 1024px\" \/><\/p>\n<p>Kosovska agencija za \u0161umarstvo i FAO su ponovo potvrdili svoju posvec\u0301enost nastavku saradnje i obezbe\u0111ivanju da politike i akcije u sektoru \u0161umarstva podr\u017eavaju odr\u017eivi razvoj i pobolj\u0161ane uslove za \u017eivot u ruralnim oblastima Kosova. Ovaj sastanak ozna\u010dava va\u017ean korak ka ja\u010danju upravljanja \u0161umama i implementaciji najboljih praksi u ovoj oblasti.<\/p>\n<div class=\"html-div xdj266r x11i5rnm xat24cr x1mh8g0r xexx8yu x4uap5 x18d9i69 xkhd6sd x1h91t0o xkh2ocl x78zum5 xdt5ytf x13a6bvl x193iq5w x1iyjqo2 x1eb86dx\" role=\"presentation\">&nbsp;<\/div>\n<p>&nbsp;<\/p>","protected":false},"excerpt":{"rendered":"<p>Workshop on Coordination of Activities for Sustainable Forest Management An important workshop was held at the Forestry Vocational Training Center in Blinaje, organized by the Food and Agriculture Organization of the United Nations (FAO) in cooperation with the Kosovo Forestry Agency. The purpose of this meeting was to discuss and coordinate activities around the work [&hellip;]<\/p>","protected":false},"author":2,"featured_media":10173,"comment_status":"closed","ping_status":"open","sticky":false,"template":"","format":"standard","meta":{"inline_featured_image":false,"ngg_post_thumbnail":0,"footnotes":""},"categories":[78],"tags":[],"class_list":["post-10174","post","type-post","status-publish","format-standard","has-post-thumbnail","hentry","category-news"],"yoast_head":"<!-- This site is optimized with the Yoast SEO plugin v25.5 - https:\/\/yoast.com\/wordpress\/plugins\/seo\/ -->\n<title>Workshop on Coordination of Activities for Sustainable Forest Management<\/title>\n<meta name=\"robots\" content=\"index, follow, max-snippet:-1, max-image-preview:large, max-video-preview:-1\" \/>\n<link rel=\"canonical\" href=\"https:\/\/apkrks.net\/sr\/news\/radionica-o-koordinaciji-aktivnosti-za-odrzivo-upravljanje-sumama\/\" \/>\n<script type=\"application\/ld+json\" class=\"yoast-schema-graph\">{\"@context\":\"https:\/\/schema.org\",\"@graph\":[{\"@type\":\"Article\",\"@id\":\"https:\/\/apkrks.net\/lajme\/workshop-on-coordination-of-activities-for-sustainable-forest-management#article\",\"isPartOf\":{\"@id\":\"https:\/\/apkrks.net\/lajme\/workshop-on-coordination-of-activities-for-sustainable-forest-management\"},\"headline\":\"Workshop on Coordination of Activities for Sustainable Forest Management\",\"datePublished\":\"2025-02-12T10:22:02+00:00\",\"dateModified\":\"2025-02-24T09:31:47+00:00\",\"mainEntityOfPage\":{\"@id\":\"https:\/\/apkrks.net\/lajme\/workshop-on-coordination-of-activities-for-sustainable-forest-management\"},\"wordCount\":220,\"publisher\":{\"@id\":\"https:\/\/apkrks.net\/sq\/#organization\"},\"image\":{\"@id\":\"https:\/\/apkrks.net\/lajme\/workshop-on-coordination-of-activities-for-sustainable-forest-management#primaryimage\"},\"thumbnailUrl\":\"https:\/\/apkrks.net\/wp-content\/uploads\/2025\/02\/f289b337-04c6-4dfd-86ab-fb3d2be933ad.png\",\"articleSection\":[\"News\"],\"inLanguage\":\"sr-RS\"},{\"@type\":\"WebPage\",\"@id\":\"https:\/\/apkrks.net\/lajme\/workshop-on-coordination-of-activities-for-sustainable-forest-management\",\"url\":\"https:\/\/apkrks.net\/lajme\/workshop-on-coordination-of-activities-for-sustainable-forest-management\",\"name\":\"Workshop on Coordination of Activities for Sustainable Forest Management\",\"isPartOf\":{\"@id\":\"https:\/\/apkrks.net\/sq\/#website\"},\"primaryImageOfPage\":{\"@id\":\"https:\/\/apkrks.net\/lajme\/workshop-on-coordination-of-activities-for-sustainable-forest-management#primaryimage\"},\"image\":{\"@id\":\"https:\/\/apkrks.net\/lajme\/workshop-on-coordination-of-activities-for-sustainable-forest-management#primaryimage\"},\"thumbnailUrl\":\"https:\/\/apkrks.net\/wp-content\/uploads\/2025\/02\/f289b337-04c6-4dfd-86ab-fb3d2be933ad.png\",\"datePublished\":\"2025-02-12T10:22:02+00:00\",\"dateModified\":\"2025-02-24T09:31:47+00:00\",\"breadcrumb\":{\"@id\":\"https:\/\/apkrks.net\/lajme\/workshop-on-coordination-of-activities-for-sustainable-forest-management#breadcrumb\"},\"inLanguage\":\"sr-RS\",\"potentialAction\":[{\"@type\":\"ReadAction\",\"target\":[\"https:\/\/apkrks.net\/lajme\/workshop-on-coordination-of-activities-for-sustainable-forest-management\"]}]},{\"@type\":\"ImageObject\",\"inLanguage\":\"sr-RS\",\"@id\":\"https:\/\/apkrks.net\/lajme\/workshop-on-coordination-of-activities-for-sustainable-forest-management#primaryimage\",\"url\":\"https:\/\/apkrks.net\/wp-content\/uploads\/2025\/02\/f289b337-04c6-4dfd-86ab-fb3d2be933ad.png\",\"contentUrl\":\"https:\/\/apkrks.net\/wp-content\/uploads\/2025\/02\/f289b337-04c6-4dfd-86ab-fb3d2be933ad.png\",\"width\":1024,\"height\":768},{\"@type\":\"BreadcrumbList\",\"@id\":\"https:\/\/apkrks.net\/lajme\/workshop-on-coordination-of-activities-for-sustainable-forest-management#breadcrumb\",\"itemListElement\":[{\"@type\":\"ListItem\",\"position\":1,\"name\":\"Home\",\"item\":\"https:\/\/apkrks.net\/\"},{\"@type\":\"ListItem\",\"position\":2,\"name\":\"Workshop on Coordination of Activities for Sustainable Forest Management\"}]},{\"@type\":\"WebSite\",\"@id\":\"https:\/\/apkrks.net\/sq\/#website\",\"url\":\"https:\/\/apkrks.net\/sq\/\",\"name\":\"Agjencia Pyjore e Kosov\u00ebs\",\"description\":\"\",\"publisher\":{\"@id\":\"https:\/\/apkrks.net\/sq\/#organization\"},\"alternateName\":\"Agjencioni Pyjor i Kosov\u00ebs\",\"potentialAction\":[{\"@type\":\"SearchAction\",\"target\":{\"@type\":\"EntryPoint\",\"urlTemplate\":\"https:\/\/apkrks.net\/sq\/?s={search_term_string}\"},\"query-input\":{\"@type\":\"PropertyValueSpecification\",\"valueRequired\":true,\"valueName\":\"search_term_string\"}}],\"inLanguage\":\"sr-RS\"},{\"@type\":\"Organization\",\"@id\":\"https:\/\/apkrks.net\/sq\/#organization\",\"name\":\"Agjencia Pyjore e Kosov\u00ebs\",\"alternateName\":\"Agjencioni Pyjor i Kosov\u00ebs\",\"url\":\"https:\/\/apkrks.net\/sq\/\",\"logo\":{\"@type\":\"ImageObject\",\"inLanguage\":\"sr-RS\",\"@id\":\"https:\/\/apkrks.net\/sq\/#\/schema\/logo\/image\/\",\"url\":\"https:\/\/apkrks.net\/wp-content\/uploads\/2024\/06\/Emblema_e_qeverise_se_kosoves.png\",\"contentUrl\":\"https:\/\/apkrks.net\/wp-content\/uploads\/2024\/06\/Emblema_e_qeverise_se_kosoves.png\",\"width\":217,\"height\":240,\"caption\":\"Agjencia Pyjore e Kosov\u00ebs\"},\"image\":{\"@id\":\"https:\/\/apkrks.net\/sq\/#\/schema\/logo\/image\/\"},\"sameAs\":[\"https:\/\/www.facebook.com\/profile.php?id=100064789090459\",\"https:\/\/www.youtube.com\/@AgjenciaPyjoreeKosoves\"]}]}<\/script>\n<!-- \/ Yoast SEO plugin. -->","yoast_head_json":{"title":"Workshop on Coordination of Activities for Sustainable Forest Management","robots":{"index":"index","follow":"follow","max-snippet":"max-snippet:-1","max-image-preview":"max-image-preview:large","max-video-preview":"max-video-preview:-1"},"canonical":"https:\/\/apkrks.net\/sr\/news\/radionica-o-koordinaciji-aktivnosti-za-odrzivo-upravljanje-sumama\/","schema":{"@context":"https:\/\/schema.org","@graph":[{"@type":"Article","@id":"https:\/\/apkrks.net\/lajme\/workshop-on-coordination-of-activities-for-sustainable-forest-management#article","isPartOf":{"@id":"https:\/\/apkrks.net\/lajme\/workshop-on-coordination-of-activities-for-sustainable-forest-management"},"headline":"Workshop on Coordination of Activities for Sustainable Forest Management","datePublished":"2025-02-12T10:22:02+00:00","dateModified":"2025-02-24T09:31:47+00:00","mainEntityOfPage":{"@id":"https:\/\/apkrks.net\/lajme\/workshop-on-coordination-of-activities-for-sustainable-forest-management"},"wordCount":220,"publisher":{"@id":"https:\/\/apkrks.net\/sq\/#organization"},"image":{"@id":"https:\/\/apkrks.net\/lajme\/workshop-on-coordination-of-activities-for-sustainable-forest-management#primaryimage"},"thumbnailUrl":"https:\/\/apkrks.net\/wp-content\/uploads\/2025\/02\/f289b337-04c6-4dfd-86ab-fb3d2be933ad.png","articleSection":["News"],"inLanguage":"sr-RS"},{"@type":"WebPage","@id":"https:\/\/apkrks.net\/lajme\/workshop-on-coordination-of-activities-for-sustainable-forest-management","url":"https:\/\/apkrks.net\/lajme\/workshop-on-coordination-of-activities-for-sustainable-forest-management","name":"Workshop on Coordination of Activities for Sustainable Forest Management","isPartOf":{"@id":"https:\/\/apkrks.net\/sq\/#website"},"primaryImageOfPage":{"@id":"https:\/\/apkrks.net\/lajme\/workshop-on-coordination-of-activities-for-sustainable-forest-management#primaryimage"},"image":{"@id":"https:\/\/apkrks.net\/lajme\/workshop-on-coordination-of-activities-for-sustainable-forest-management#primaryimage"},"thumbnailUrl":"https:\/\/apkrks.net\/wp-content\/uploads\/2025\/02\/f289b337-04c6-4dfd-86ab-fb3d2be933ad.png","datePublished":"2025-02-12T10:22:02+00:00","dateModified":"2025-02-24T09:31:47+00:00","breadcrumb":{"@id":"https:\/\/apkrks.net\/lajme\/workshop-on-coordination-of-activities-for-sustainable-forest-management#breadcrumb"},"inLanguage":"sr-RS","potentialAction":[{"@type":"ReadAction","target":["https:\/\/apkrks.net\/lajme\/workshop-on-coordination-of-activities-for-sustainable-forest-management"]}]},{"@type":"ImageObject","inLanguage":"sr-RS","@id":"https:\/\/apkrks.net\/lajme\/workshop-on-coordination-of-activities-for-sustainable-forest-management#primaryimage","url":"https:\/\/apkrks.net\/wp-content\/uploads\/2025\/02\/f289b337-04c6-4dfd-86ab-fb3d2be933ad.png","contentUrl":"https:\/\/apkrks.net\/wp-content\/uploads\/2025\/02\/f289b337-04c6-4dfd-86ab-fb3d2be933ad.png","width":1024,"height":768},{"@type":"BreadcrumbList","@id":"https:\/\/apkrks.net\/lajme\/workshop-on-coordination-of-activities-for-sustainable-forest-management#breadcrumb","itemListElement":[{"@type":"ListItem","position":1,"name":"Home","item":"https:\/\/apkrks.net\/"},{"@type":"ListItem","position":2,"name":"Workshop on Coordination of Activities for Sustainable Forest Management"}]},{"@type":"WebSite","@id":"https:\/\/apkrks.net\/sq\/#website","url":"https:\/\/apkrks.net\/sq\/","name":"Agjencia Pyjore e Kosov\u00ebs","description":"","publisher":{"@id":"https:\/\/apkrks.net\/sq\/#organization"},"alternateName":"Agjencioni Pyjor i Kosov\u00ebs","potentialAction":[{"@type":"SearchAction","target":{"@type":"EntryPoint","urlTemplate":"https:\/\/apkrks.net\/sq\/?s={search_term_string}"},"query-input":{"@type":"PropertyValueSpecification","valueRequired":true,"valueName":"search_term_string"}}],"inLanguage":"sr-RS"},{"@type":"Organization","@id":"https:\/\/apkrks.net\/sq\/#organization","name":"Agjencia Pyjore e Kosov\u00ebs","alternateName":"Agjencioni Pyjor i Kosov\u00ebs","url":"https:\/\/apkrks.net\/sq\/","logo":{"@type":"ImageObject","inLanguage":"sr-RS","@id":"https:\/\/apkrks.net\/sq\/#\/schema\/logo\/image\/","url":"https:\/\/apkrks.net\/wp-content\/uploads\/2024\/06\/Emblema_e_qeverise_se_kosoves.png","contentUrl":"https:\/\/apkrks.net\/wp-content\/uploads\/2024\/06\/Emblema_e_qeverise_se_kosoves.png","width":217,"height":240,"caption":"Agjencia Pyjore e Kosov\u00ebs"},"image":{"@id":"https:\/\/apkrks.net\/sq\/#\/schema\/logo\/image\/"},"sameAs":["https:\/\/www.facebook.com\/profile.php?id=100064789090459","https:\/\/www.youtube.com\/@AgjenciaPyjoreeKosoves"]}]}},"_links":{"self":[{"href":"https:\/\/apkrks.net\/sr\/wp-json\/wp\/v2\/posts\/10174"}],"collection":[{"href":"https:\/\/apkrks.net\/sr\/wp-json\/wp\/v2\/posts"}],"about":[{"href":"https:\/\/apkrks.net\/sr\/wp-json\/wp\/v2\/types\/post"}],"author":[{"embeddable":true,"href":"https:\/\/apkrks.net\/sr\/wp-json\/wp\/v2\/users\/2"}],"replies":[{"embeddable":true,"href":"https:\/\/apkrks.net\/sr\/wp-json\/wp\/v2\/comments?post=10174"}],"version-history":[{"count":8,"href":"https:\/\/apkrks.net\/sr\/wp-json\/wp\/v2\/posts\/10174\/revisions"}],"predecessor-version":[{"id":10184,"href":"https:\/\/apkrks.net\/sr\/wp-json\/wp\/v2\/posts\/10174\/revisions\/10184"}],"wp:featuredmedia":[{"embeddable":true,"href":"https:\/\/apkrks.net\/sr\/wp-json\/wp\/v2\/media\/10173"}],"wp:attachment":[{"href":"https:\/\/apkrks.net\/sr\/wp-json\/wp\/v2\/media?parent=10174"}],"wp:term":[{"taxonomy":"category","embeddable":true,"href":"https:\/\/apkrks.net\/sr\/wp-json\/wp\/v2\/categories?post=10174"},{"taxonomy":"post_tag","embeddable":true,"href":"https:\/\/apkrks.net\/sr\/wp-json\/wp\/v2\/tags?post=10174"}],"curies":[{"name":"wp","href":"https:\/\/api.w.org\/{rel}","templated":true}]}}